{"id":13330,"date":"2023-06-22T12:18:25","date_gmt":"2023-06-22T15:18:25","guid":{"rendered":"https:\/\/www.rubenpirola.com\/?p=13330"},"modified":"2023-06-22T12:18:25","modified_gmt":"2023-06-22T15:18:25","slug":"banca-abierta","status":"publish","type":"post","link":"https:\/\/rubenpirola.com\/nuevo\/banca-abierta\/","title":{"rendered":"Banca Abierta"},"content":{"rendered":"<p><span style=\"font-weight: 400;\">Fue desde el primer d\u00eda la actitud para agregar valor desde el cargo, una manera de hacer diferente, m\u00e1s horizontal, m\u00e1s cercana, abierta a todos, una posici\u00f3n que, acompa\u00f1ada por el compromiso y las ganas de la enorme mayor\u00eda de vecinos, integrantes de instituciones y jefes de gobiernos locales cambi\u00f3 aquel viejo paradigma ultra partidario, muy sectario de la representaci\u00f3n territorial que tienen como concepci\u00f3n otros espacios pol\u00edticos.<\/span><span style=\"font-weight: 400;\"><br \/>\n<\/span><span style=\"font-weight: 400;\"><br \/>\n<\/span><span style=\"font-weight: 400;\">Banca Abierta es la denominaci\u00f3n que le dimos a la sistematizaci\u00f3n de esta actitud en positivo para incorporar todos aquellos proyectos, todas aquellas buenas ideas para Las Colonias sin importar quien los acerca, la \u00fanica condici\u00f3n es que sean realmente sustentables y que cuente con el compromiso cierto de quien los piensa.<\/span><span style=\"font-weight: 400;\"><br \/>\n<\/span><span style=\"font-weight: 400;\"><br \/>\n<\/span><span style=\"font-weight: 400;\">Esta manera de pensar y hacer la vivimos una vez m\u00e1s en Progreso junto a su Presidente Comunal Daniel Ribero, con <\/span><span style=\"font-weight: 400;\">integrantes de\u00a0 los Bomberos Voluntarios de Progreso. As\u00ed como a quienes forman parte del Jard\u00edn de Infantes N\u00b0 131 \u00abMart\u00edn de la Pe\u00f1a\u00bb y\u00a0 la Escuela Primaria N\u00b0 341 \u00abJos\u00e9 Mar\u00eda Paz\u00bb\u00a0 y miembros del centro de estudiantes\u00a0 de la E.E.S.O. N\u00b0 253 \u00bb Mariano Moreno\u00bb.<\/span><span style=\"font-weight: 400;\"><br \/>\n<\/span><\/p>\n\n","protected":false},"excerpt":{"rendered":"<p>Fue desde el primer d\u00eda la actitud para agregar valor desde el cargo, una manera de hacer diferente, m\u00e1s horizontal,&nbsp;<\/p>\n","protected":false},"author":1,"featured_media":13336,"comment_status":"closed","ping_status":"closed","sticky":false,"template":"","format":"standard","meta":{"_acf_changed":false,"_joinchat":[],"footnotes":""},"categories":[2],"tags":[],"class_list":["post-13330","post","type-post","status-publish","format-standard","has-post-thumbnail","hentry","category-novedades"],"acf":[],"_links":{"self":[{"href":"https:\/\/rubenpirola.com\/nuevo\/wp-json\/wp\/v2\/posts\/13330","targetHints":{"allow":["GET"]}}],"collection":[{"href":"https:\/\/rubenpirola.com\/nuevo\/wp-json\/wp\/v2\/posts"}],"about":[{"href":"https:\/\/rubenpirola.com\/nuevo\/wp-json\/wp\/v2\/types\/post"}],"author":[{"embeddable":true,"href":"https:\/\/rubenpirola.com\/nuevo\/wp-json\/wp\/v2\/users\/1"}],"replies":[{"embeddable":true,"href":"https:\/\/rubenpirola.com\/nuevo\/wp-json\/wp\/v2\/comments?post=13330"}],"version-history":[{"count":0,"href":"https:\/\/rubenpirola.com\/nuevo\/wp-json\/wp\/v2\/posts\/13330\/revisions"}],"wp:featuredmedia":[{"embeddable":true,"href":"https:\/\/rubenpirola.com\/nuevo\/wp-json\/"}],"wp:attachment":[{"href":"https:\/\/rubenpirola.com\/nuevo\/wp-json\/wp\/v2\/media?parent=13330"}],"wp:term":[{"taxonomy":"category","embeddable":true,"href":"https:\/\/rubenpirola.com\/nuevo\/wp-json\/wp\/v2\/categories?post=13330"},{"taxonomy":"post_tag","embeddable":true,"href":"https:\/\/rubenpirola.com\/nuevo\/wp-json\/wp\/v2\/tags?post=13330"}],"curies":[{"name":"wp","href":"https:\/\/api.w.org\/{rel}","templated":true}]}}