{"id":13523,"date":"2023-08-02T15:45:41","date_gmt":"2023-08-02T18:45:41","guid":{"rendered":"https:\/\/www.rubenpirola.com\/?p=13523"},"modified":"2023-08-02T15:45:41","modified_gmt":"2023-08-02T18:45:41","slug":"con-alumnos-de-la-escuela-secundaria-no-2027-juan-manuel-estrada-de-esperanza","status":"publish","type":"post","link":"https:\/\/rubenpirola.com\/nuevo\/con-alumnos-de-la-escuela-secundaria-no-2027-juan-manuel-estrada-de-esperanza\/","title":{"rendered":"Con alumnos de la Escuela Secundaria N\u00ba 2027 \u201cJuan Manuel Estrada\u201d  de Esperanza"},"content":{"rendered":"<p><span style=\"font-weight: 400;\">Una vez m\u00e1s, la voz de nuestros j\u00f3venes llega a la C\u00e1mara Alta para dejar su parecer en el marco del programa Ciudadanos en el Senado\u00a0 que desde la C\u00e1mara de Senadores impulsamos para acercar la tarea legislativa a nuestra comunidad, fomentar la cultura democr\u00e1tica, el valor por las leyes y la participaci\u00f3n ciudadana.<\/span><span style=\"font-weight: 400;\"><br \/>\n<\/span><span style=\"font-weight: 400;\"><br \/>\n<\/span><span style=\"font-weight: 400;\">Hoy destaco el compromiso de los j\u00f3venes de la Escuela de Educaci\u00f3n Secundaria Orientada Particular Incorporada N\u00ba 2027 \u201cJuan Manuel Estrada\u201d\u00a0 de Esperanza y agradezco la confianza de docentes y directivos.<\/span><span style=\"font-weight: 400;\"><br \/>\n<\/span><span style=\"font-weight: 400;\"><br \/>\n<\/span><span style=\"font-weight: 400;\">Comparto algunas postales que dej\u00f3 la jornada y para descargar la foto grupal.<\/span><\/p>\n<p>&nbsp;<\/p>\n\n<p><span style=\"font-weight: 400;\"><br \/>\n<\/span><span style=\"font-weight: 400;\"><br \/>\n<\/span><span style=\"font-weight: 400;\"><br \/>\n<\/span><strong>Para descargar:<\/strong><br \/>\n<a href=\"https:\/\/www.rubenpirola.com\/wp-content\/uploads\/2023\/08\/Foto-Grupal.pdf\">Foto Grupal<\/a><\/p>\n","protected":false},"excerpt":{"rendered":"<p>Una vez m\u00e1s, la voz de nuestros j\u00f3venes llega a la C\u00e1mara Alta para dejar su parecer en el marco&nbsp;<\/p>\n","protected":false},"author":1,"featured_media":13533,"comment_status":"closed","ping_status":"closed","sticky":false,"template":"","format":"standard","meta":{"_acf_changed":false,"_joinchat":[],"footnotes":""},"categories":[2],"tags":[],"class_list":["post-13523","post","type-post","status-publish","format-standard","has-post-thumbnail","hentry","category-novedades"],"acf":[],"_links":{"self":[{"href":"https:\/\/rubenpirola.com\/nuevo\/wp-json\/wp\/v2\/posts\/13523","targetHints":{"allow":["GET"]}}],"collection":[{"href":"https:\/\/rubenpirola.com\/nuevo\/wp-json\/wp\/v2\/posts"}],"about":[{"href":"https:\/\/rubenpirola.com\/nuevo\/wp-json\/wp\/v2\/types\/post"}],"author":[{"embeddable":true,"href":"https:\/\/rubenpirola.com\/nuevo\/wp-json\/wp\/v2\/users\/1"}],"replies":[{"embeddable":true,"href":"https:\/\/rubenpirola.com\/nuevo\/wp-json\/wp\/v2\/comments?post=13523"}],"version-history":[{"count":0,"href":"https:\/\/rubenpirola.com\/nuevo\/wp-json\/wp\/v2\/posts\/13523\/revisions"}],"wp:featuredmedia":[{"embeddable":true,"href":"https:\/\/rubenpirola.com\/nuevo\/wp-json\/"}],"wp:attachment":[{"href":"https:\/\/rubenpirola.com\/nuevo\/wp-json\/wp\/v2\/media?parent=13523"}],"wp:term":[{"taxonomy":"category","embeddable":true,"href":"https:\/\/rubenpirola.com\/nuevo\/wp-json\/wp\/v2\/categories?post=13523"},{"taxonomy":"post_tag","embeddable":true,"href":"https:\/\/rubenpirola.com\/nuevo\/wp-json\/wp\/v2\/tags?post=13523"}],"curies":[{"name":"wp","href":"https:\/\/api.w.org\/{rel}","templated":true}]}}