{"id":13598,"date":"2023-08-10T08:30:16","date_gmt":"2023-08-10T11:30:16","guid":{"rendered":"https:\/\/www.rubenpirola.com\/?p=13598"},"modified":"2023-08-10T08:30:16","modified_gmt":"2023-08-10T11:30:16","slug":"junto-a-integrantes-de-aane-en-esperanza","status":"publish","type":"post","link":"https:\/\/rubenpirola.com\/nuevo\/junto-a-integrantes-de-aane-en-esperanza\/","title":{"rendered":"Junto a integrantes de AANE en Esperanza"},"content":{"rendered":"<p><span style=\"font-weight: 400;\">La Ley que equipara para el IAPOS las prestaciones por discapacidad seg\u00fan el nomenclador nacional, as\u00ed como la iniciativa que solicita la reglamentaci\u00f3n de la ley provincial de discapacidad, fueron temas que puntualmente sumamos al di\u00e1logo permanente que tenemos en AANE sobre sus expectativas a futuro y la mejor manera de seguir acompa\u00f1ando, desde mi lugar, para que las logren cumplir.<\/span><span style=\"font-weight: 400;\"><br \/>\n<\/span><span style=\"font-weight: 400;\"><br \/>\n<\/span><b>Escucha activa<\/b><b><br \/>\n<\/b><span style=\"font-weight: 400;\">Posterior al encuentro solicit\u00e9, en la \u00faltima sesi\u00f3n de la C\u00e1mara de Senadores,<\/span><span style=\"font-weight: 400;\"><br \/>\n<\/span><span style=\"font-weight: 400;\">una preferencia para tratar la ley que equipara para el IAPOS las prestaciones por discapacidad seg\u00fan el nomenclador nacional y tambi\u00e9n elev\u00e9 un proyecto de comunicaci\u00f3n, insistiendo en la reglamentaci\u00f3n de la ley de discapacidad provincial que es necesaria para que se puedan aplicar todas las disposiciones sobre discapacidad en la provincia y se pongan en marcha los espacios de trabajo que tienen las ONG y Asociaciones que trabajan en el tema.<\/span><span style=\"font-weight: 400;\"><br \/>\n<\/span><\/p>\n","protected":false},"excerpt":{"rendered":"<p>La Ley que equipara para el IAPOS las prestaciones por discapacidad seg\u00fan el nomenclador nacional, as\u00ed como la iniciativa que&nbsp;<\/p>\n","protected":false},"author":1,"featured_media":13599,"comment_status":"closed","ping_status":"closed","sticky":false,"template":"","format":"standard","meta":{"_acf_changed":false,"_joinchat":[],"footnotes":""},"categories":[2],"tags":[],"class_list":["post-13598","post","type-post","status-publish","format-standard","has-post-thumbnail","hentry","category-novedades"],"acf":[],"_links":{"self":[{"href":"https:\/\/rubenpirola.com\/nuevo\/wp-json\/wp\/v2\/posts\/13598","targetHints":{"allow":["GET"]}}],"collection":[{"href":"https:\/\/rubenpirola.com\/nuevo\/wp-json\/wp\/v2\/posts"}],"about":[{"href":"https:\/\/rubenpirola.com\/nuevo\/wp-json\/wp\/v2\/types\/post"}],"author":[{"embeddable":true,"href":"https:\/\/rubenpirola.com\/nuevo\/wp-json\/wp\/v2\/users\/1"}],"replies":[{"embeddable":true,"href":"https:\/\/rubenpirola.com\/nuevo\/wp-json\/wp\/v2\/comments?post=13598"}],"version-history":[{"count":0,"href":"https:\/\/rubenpirola.com\/nuevo\/wp-json\/wp\/v2\/posts\/13598\/revisions"}],"wp:featuredmedia":[{"embeddable":true,"href":"https:\/\/rubenpirola.com\/nuevo\/wp-json\/"}],"wp:attachment":[{"href":"https:\/\/rubenpirola.com\/nuevo\/wp-json\/wp\/v2\/media?parent=13598"}],"wp:term":[{"taxonomy":"category","embeddable":true,"href":"https:\/\/rubenpirola.com\/nuevo\/wp-json\/wp\/v2\/categories?post=13598"},{"taxonomy":"post_tag","embeddable":true,"href":"https:\/\/rubenpirola.com\/nuevo\/wp-json\/wp\/v2\/tags?post=13598"}],"curies":[{"name":"wp","href":"https:\/\/api.w.org\/{rel}","templated":true}]}}