{"id":13775,"date":"2023-09-22T09:08:39","date_gmt":"2023-09-22T12:08:39","guid":{"rendered":"https:\/\/www.rubenpirola.com\/?p=13775"},"modified":"2023-09-22T09:08:39","modified_gmt":"2023-09-22T12:08:39","slug":"destaco-el-trabajo-en-positivo-de-mis-pares-para-acompanar-el-pase-a-planta-permanente-de-personal-de-la-salud","status":"publish","type":"post","link":"https:\/\/rubenpirola.com\/nuevo\/destaco-el-trabajo-en-positivo-de-mis-pares-para-acompanar-el-pase-a-planta-permanente-de-personal-de-la-salud\/","title":{"rendered":"Destaco el trabajo en positivo de mis pares para acompa\u00f1ar el pase a planta permanente de personal de la salud."},"content":{"rendered":"<p>Logramos la media sanci\u00f3n para que siga su camino a ser ley la iniciativa que posibilitar\u00e1 facilitar el ingreso a planta permanente sin tener en cuenta las condiciones de edad y antig\u00fcedad laboral que hoy est\u00e1n vigentes, siempre que se trate de contratados -profesionales o no- que fueron parte de las \u00e1reas Covid-19.<\/p>\n<p>Una vez m\u00e1s el trabajo en positivo, poniendo en el centro las expectativas de nuestros vecinos, genera los resultados necesarios para seguir construyendo una sociedad con m\u00e1s equidad.<\/p>\n<p>Gracias a cada uno de los integrantes de los equipos de salud de nuestro Departamento que nos aportaron informaci\u00f3n e inquietudes muy valiosas.<\/p>\n<p>Detalle:<br \/>\nEl Senado dio media sanci\u00f3n por unanimidad al proyecto para exceptuar a los agentes del Ministerio de Salud o que prestan servicio para dicha repartici\u00f3n de lo establecido en la Ley N\u00ba 9282, que exige no tener m\u00e1s de diez a\u00f1os de graduado y cuarenta a\u00f1os de edad para ingresar en las funciones de Profesional Ayudante en las Unidades de Organizaci\u00f3n Asistencial y Sanitaria.<\/p>\n<p>Los senadores de todos los bloques coincidieron que se trata de \u201cun reconocimiento a quienes pusieron el cuerpo en un momento tan dif\u00edcil como fue la pandemia\u201d. Asimismo, destacaron que se trata de una herramienta que permitir\u00e1 fortalecer el sistema de salud de la provincia con el ingreso de capital humano capacitado y experimentado.<\/p>\n","protected":false},"excerpt":{"rendered":"<p>Logramos la media sanci\u00f3n para que siga su camino a ser ley la iniciativa que posibilitar\u00e1 facilitar el ingreso a&nbsp;<\/p>\n","protected":false},"author":1,"featured_media":13776,"comment_status":"closed","ping_status":"closed","sticky":false,"template":"","format":"standard","meta":{"_acf_changed":false,"_joinchat":[],"footnotes":""},"categories":[2],"tags":[],"class_list":["post-13775","post","type-post","status-publish","format-standard","has-post-thumbnail","hentry","category-novedades"],"acf":[],"_links":{"self":[{"href":"https:\/\/rubenpirola.com\/nuevo\/wp-json\/wp\/v2\/posts\/13775","targetHints":{"allow":["GET"]}}],"collection":[{"href":"https:\/\/rubenpirola.com\/nuevo\/wp-json\/wp\/v2\/posts"}],"about":[{"href":"https:\/\/rubenpirola.com\/nuevo\/wp-json\/wp\/v2\/types\/post"}],"author":[{"embeddable":true,"href":"https:\/\/rubenpirola.com\/nuevo\/wp-json\/wp\/v2\/users\/1"}],"replies":[{"embeddable":true,"href":"https:\/\/rubenpirola.com\/nuevo\/wp-json\/wp\/v2\/comments?post=13775"}],"version-history":[{"count":0,"href":"https:\/\/rubenpirola.com\/nuevo\/wp-json\/wp\/v2\/posts\/13775\/revisions"}],"wp:featuredmedia":[{"embeddable":true,"href":"https:\/\/rubenpirola.com\/nuevo\/wp-json\/"}],"wp:attachment":[{"href":"https:\/\/rubenpirola.com\/nuevo\/wp-json\/wp\/v2\/media?parent=13775"}],"wp:term":[{"taxonomy":"category","embeddable":true,"href":"https:\/\/rubenpirola.com\/nuevo\/wp-json\/wp\/v2\/categories?post=13775"},{"taxonomy":"post_tag","embeddable":true,"href":"https:\/\/rubenpirola.com\/nuevo\/wp-json\/wp\/v2\/tags?post=13775"}],"curies":[{"name":"wp","href":"https:\/\/api.w.org\/{rel}","templated":true}]}}