{"id":13840,"date":"2023-09-29T09:53:56","date_gmt":"2023-09-29T12:53:56","guid":{"rendered":"https:\/\/www.rubenpirola.com\/?p=13840"},"modified":"2023-09-29T09:53:56","modified_gmt":"2023-09-29T12:53:56","slug":"juntos-potenciamos-la-participacion-ciudadana-que-se-da-desde-las-instituciones","status":"publish","type":"post","link":"https:\/\/rubenpirola.com\/nuevo\/juntos-potenciamos-la-participacion-ciudadana-que-se-da-desde-las-instituciones\/","title":{"rendered":"Juntos, potenciamos  la participaci\u00f3n ciudadana que se da desde las instituciones."},"content":{"rendered":"<p><span style=\"font-weight: 400;\">Con el acompa\u00f1amiento sin interrupciones, a las mujeres y hombres que hacen y mucho por sus comunidades trabajando desde diferentes instituciones, llevamos adelante una rica agenda de trabajo para potenciar el impacto positivo que generan las instituciones en sus comunidades.<\/span><\/p>\n<p><b>En Esperanza<br \/>\n<\/b><span style=\"font-weight: 400;\">En esta oportunidad la labor conjunta en Esperanza se dio con integrantes de la Escuela Especial N\u00ba 2094, la E.E.S.O.P.I N\u00ba 8076 Ntra Sra del Huerto, la Escuela Gregoria Donnet N\u00ba 1368, la\u00a0 Escuela N\u00ba 300 e integrantes de la EESOPI N\u00ba 2027, el Colegio San Jos\u00e9, la EETP N\u00ba 455\u00a0 <\/span><span style=\"font-weight: 400;\">y miembros de la Asoc. Coop. de la Escuela N\u00ba 315.<\/span><\/p>\n<p><b>En Felicia y San Agust\u00edn<br \/>\n<\/b><span style=\"font-weight: 400;\">En tanto en las localidades de Felicia y San Agust\u00edn los protagonistas del trabajo colaborativo fueron quienes forman parte de la Escuela Primaria N\u00ba 377, el Centro de Jubilados y Pensionados e integrantes de la Capilla Santa Fel\u00edcitas y del Grupo de Danzas Folcl\u00f3ricas comunal Muyoj.<\/span><\/p>\n<p><span style=\"font-weight: 400;\">Tambi\u00e9n mujeres y hombres del\u00a0 C.E.R N\u00b0338, de la Capilla San Agust\u00edn, de la E.E.S.O N\u00ba 488 y de la Escuela de Pat\u00edn del Club A. Independiente.<\/span><\/p>\n<p><b>En Santa Clara de Buena Vista presente en el 25 aniversario del Jard\u00edn N\u00ba 171 \u201cHoracio Colombero\u201d<br \/>\n<\/b><span style=\"font-weight: 400;\">Felicitaciones a todos quienes construyeron esta historia y a quienes con vocaci\u00f3n y responsabilidad aseguran la oportunidad para que ni\u00f1as y ni\u00f1os crezcan disfrutando de la vida y del compa\u00f1erismo.<\/p>\n<p><\/span><\/p>\n\n<p><span style=\"font-weight: 400;\">\u00a0<\/span><\/p>\n","protected":false},"excerpt":{"rendered":"<p>Con el acompa\u00f1amiento sin interrupciones, a las mujeres y hombres que hacen y mucho por sus comunidades trabajando desde diferentes&nbsp;<\/p>\n","protected":false},"author":1,"featured_media":13853,"comment_status":"closed","ping_status":"closed","sticky":false,"template":"","format":"standard","meta":{"_acf_changed":false,"_joinchat":[],"footnotes":""},"categories":[2],"tags":[],"class_list":["post-13840","post","type-post","status-publish","format-standard","has-post-thumbnail","hentry","category-novedades"],"acf":[],"_links":{"self":[{"href":"https:\/\/rubenpirola.com\/nuevo\/wp-json\/wp\/v2\/posts\/13840","targetHints":{"allow":["GET"]}}],"collection":[{"href":"https:\/\/rubenpirola.com\/nuevo\/wp-json\/wp\/v2\/posts"}],"about":[{"href":"https:\/\/rubenpirola.com\/nuevo\/wp-json\/wp\/v2\/types\/post"}],"author":[{"embeddable":true,"href":"https:\/\/rubenpirola.com\/nuevo\/wp-json\/wp\/v2\/users\/1"}],"replies":[{"embeddable":true,"href":"https:\/\/rubenpirola.com\/nuevo\/wp-json\/wp\/v2\/comments?post=13840"}],"version-history":[{"count":0,"href":"https:\/\/rubenpirola.com\/nuevo\/wp-json\/wp\/v2\/posts\/13840\/revisions"}],"wp:featuredmedia":[{"embeddable":true,"href":"https:\/\/rubenpirola.com\/nuevo\/wp-json\/"}],"wp:attachment":[{"href":"https:\/\/rubenpirola.com\/nuevo\/wp-json\/wp\/v2\/media?parent=13840"}],"wp:term":[{"taxonomy":"category","embeddable":true,"href":"https:\/\/rubenpirola.com\/nuevo\/wp-json\/wp\/v2\/categories?post=13840"},{"taxonomy":"post_tag","embeddable":true,"href":"https:\/\/rubenpirola.com\/nuevo\/wp-json\/wp\/v2\/tags?post=13840"}],"curies":[{"name":"wp","href":"https:\/\/api.w.org\/{rel}","templated":true}]}}