{"id":13880,"date":"2023-10-05T18:26:33","date_gmt":"2023-10-05T21:26:33","guid":{"rendered":"https:\/\/www.rubenpirola.com\/?p=13880"},"modified":"2023-10-05T18:26:33","modified_gmt":"2023-10-05T21:26:33","slug":"media-sancion-para-el-programa-provincial-de-apoyo-a-las-ferias-del-libro","status":"publish","type":"post","link":"https:\/\/rubenpirola.com\/nuevo\/media-sancion-para-el-programa-provincial-de-apoyo-a-las-ferias-del-libro\/","title":{"rendered":"Media sanci\u00f3n para el Programa Provincial de Apoyo a las Ferias del Libro"},"content":{"rendered":"<p><span style=\"font-weight: 400;\">Les cuento que logr\u00e9 el apoyo de mis pares para la media sanci\u00f3n a mi iniciativa que busca sistematizar el apoyo a las diferentes ferias de libros que se organizan en la provincia.<\/span><span style=\"font-weight: 400;\"><br \/>\n<\/span><span style=\"font-weight: 400;\"><br \/>\n<\/span><span style=\"font-weight: 400;\">A partir de esta iniciativa el Estado provincial tomar\u00e1 la iniciativa jerarquizando la valoraci\u00f3n social del libro y la lectura, estimulando la creaci\u00f3n intelectual y literaria.<\/span><span style=\"font-weight: 400;\"><br \/>\n<\/span><span style=\"font-weight: 400;\"><br \/>\n<\/span><span style=\"font-weight: 400;\">El Programa Provincial de Apoyo a las Ferias del Libro se financia con las partidas presupuestarias correspondientes al Ministerio de Cultura y debe ser suficiente para garantizar el mayor apoyo posible a las solicitudes presentadas.<\/span><span style=\"font-weight: 400;\"><br \/>\n<\/span><span style=\"font-weight: 400;\"><br \/>\n<\/span><strong>Para descargar:<\/strong><br \/>\n<a href=\"https:\/\/www.rubenpirola.com\/wp-content\/uploads\/2023\/10\/Proyecto-de-ley-Ferias-del-Libro.pdf\">Proyecto de ley Ferias del Libro<\/a><\/p>\n","protected":false},"excerpt":{"rendered":"<p>Les cuento que logr\u00e9 el apoyo de mis pares para la media sanci\u00f3n a mi iniciativa que busca sistematizar el&nbsp;<\/p>\n","protected":false},"author":1,"featured_media":13882,"comment_status":"closed","ping_status":"closed","sticky":false,"template":"","format":"standard","meta":{"_acf_changed":false,"_joinchat":[],"footnotes":""},"categories":[20,2],"tags":[],"class_list":["post-13880","post","type-post","status-publish","format-standard","has-post-thumbnail","hentry","category-bancaabierta","category-novedades"],"acf":[],"_links":{"self":[{"href":"https:\/\/rubenpirola.com\/nuevo\/wp-json\/wp\/v2\/posts\/13880","targetHints":{"allow":["GET"]}}],"collection":[{"href":"https:\/\/rubenpirola.com\/nuevo\/wp-json\/wp\/v2\/posts"}],"about":[{"href":"https:\/\/rubenpirola.com\/nuevo\/wp-json\/wp\/v2\/types\/post"}],"author":[{"embeddable":true,"href":"https:\/\/rubenpirola.com\/nuevo\/wp-json\/wp\/v2\/users\/1"}],"replies":[{"embeddable":true,"href":"https:\/\/rubenpirola.com\/nuevo\/wp-json\/wp\/v2\/comments?post=13880"}],"version-history":[{"count":0,"href":"https:\/\/rubenpirola.com\/nuevo\/wp-json\/wp\/v2\/posts\/13880\/revisions"}],"wp:featuredmedia":[{"embeddable":true,"href":"https:\/\/rubenpirola.com\/nuevo\/wp-json\/"}],"wp:attachment":[{"href":"https:\/\/rubenpirola.com\/nuevo\/wp-json\/wp\/v2\/media?parent=13880"}],"wp:term":[{"taxonomy":"category","embeddable":true,"href":"https:\/\/rubenpirola.com\/nuevo\/wp-json\/wp\/v2\/categories?post=13880"},{"taxonomy":"post_tag","embeddable":true,"href":"https:\/\/rubenpirola.com\/nuevo\/wp-json\/wp\/v2\/tags?post=13880"}],"curies":[{"name":"wp","href":"https:\/\/api.w.org\/{rel}","templated":true}]}}