{"id":13909,"date":"2023-10-19T22:34:00","date_gmt":"2023-10-20T01:34:00","guid":{"rendered":"https:\/\/www.rubenpirola.com\/?p=13909"},"modified":"2023-10-19T22:34:00","modified_gmt":"2023-10-20T01:34:00","slug":"media-sancion-para-crear-un-juzgado-laboral-y-la-nominacion-de-un-juez-penal-de-primera-instancia-con-asiento-en-esperanza","status":"publish","type":"post","link":"https:\/\/rubenpirola.com\/nuevo\/media-sancion-para-crear-un-juzgado-laboral-y-la-nominacion-de-un-juez-penal-de-primera-instancia-con-asiento-en-esperanza\/","title":{"rendered":"Media sanci\u00f3n para crear un juzgado laboral y la nominaci\u00f3n de un juez penal de primera instancia con asiento en Esperanza."},"content":{"rendered":"<p><span style=\"font-weight: 400;\">Esta evoluci\u00f3n que propuse en el proyecto original de la diputada Jimena Senn en acuerdo con ella tiene su origen en la escucha activa que, con mi equipo, realizamos en cada una de las localidades interactuando con integrantes de instituciones, vecinos, representantes vecinales y titulares de gobiernos locales, con quienes coincidimos en esta necesidad de sumar de manera urgente en lo referente al \u00e1mbito penal, adicional a la problem\u00e1tica que coincidimos con Jimena en lo laboral.<\/span><span style=\"font-weight: 400;\"><br \/>\n<\/span><\/p>\n<p><span style=\"font-weight: 400;\">Agradezco a mis pares el tratamiento y aprobaci\u00f3n del proyecto de ley que, con modificaciones,\u00a0 impuls\u00f3 en la C\u00e1mara Alta para crear un nuevo juzgado laboral y la nominaci\u00f3n de un juez penal de primera instancia que tenga asiento en Esperanza.<\/span><\/p>\n<p><b>Ahora a Diputados<br \/>\n<\/b><span style=\"font-weight: 400;\">Este proyecto, as\u00ed ampliado en sus alcance, pasa ahora\u00a0 a Diputados para su revisi\u00f3n y sanci\u00f3n definitiva. Desde ya descuento el acompa\u00f1amiento del pleno de la C\u00e1mara Baja para lograr la aprobaci\u00f3n que ser\u00eda poner en marcha una soluci\u00f3n largamente gestionada y esperada por nuestros vecinos.<\/span><\/p>\n<p><strong>Para descargar:<\/strong><br \/>\n<a href=\"https:\/\/www.rubenpirola.com\/wp-content\/uploads\/2023\/10\/Expediente_50034_JL-6.pdf\">Expediente_50034_JL (6)<\/a><\/p>\n","protected":false},"excerpt":{"rendered":"<p>Esta evoluci\u00f3n que propuse en el proyecto original de la diputada Jimena Senn en acuerdo con ella tiene su origen&nbsp;<\/p>\n","protected":false},"author":1,"featured_media":13910,"comment_status":"closed","ping_status":"closed","sticky":false,"template":"","format":"standard","meta":{"_acf_changed":false,"_joinchat":[],"footnotes":""},"categories":[20,2],"tags":[],"class_list":["post-13909","post","type-post","status-publish","format-standard","has-post-thumbnail","hentry","category-bancaabierta","category-novedades"],"acf":[],"_links":{"self":[{"href":"https:\/\/rubenpirola.com\/nuevo\/wp-json\/wp\/v2\/posts\/13909","targetHints":{"allow":["GET"]}}],"collection":[{"href":"https:\/\/rubenpirola.com\/nuevo\/wp-json\/wp\/v2\/posts"}],"about":[{"href":"https:\/\/rubenpirola.com\/nuevo\/wp-json\/wp\/v2\/types\/post"}],"author":[{"embeddable":true,"href":"https:\/\/rubenpirola.com\/nuevo\/wp-json\/wp\/v2\/users\/1"}],"replies":[{"embeddable":true,"href":"https:\/\/rubenpirola.com\/nuevo\/wp-json\/wp\/v2\/comments?post=13909"}],"version-history":[{"count":0,"href":"https:\/\/rubenpirola.com\/nuevo\/wp-json\/wp\/v2\/posts\/13909\/revisions"}],"wp:featuredmedia":[{"embeddable":true,"href":"https:\/\/rubenpirola.com\/nuevo\/wp-json\/"}],"wp:attachment":[{"href":"https:\/\/rubenpirola.com\/nuevo\/wp-json\/wp\/v2\/media?parent=13909"}],"wp:term":[{"taxonomy":"category","embeddable":true,"href":"https:\/\/rubenpirola.com\/nuevo\/wp-json\/wp\/v2\/categories?post=13909"},{"taxonomy":"post_tag","embeddable":true,"href":"https:\/\/rubenpirola.com\/nuevo\/wp-json\/wp\/v2\/tags?post=13909"}],"curies":[{"name":"wp","href":"https:\/\/api.w.org\/{rel}","templated":true}]}}