{"id":13933,"date":"2023-11-08T08:27:30","date_gmt":"2023-11-08T11:27:30","guid":{"rendered":"https:\/\/www.rubenpirola.com\/?p=13933"},"modified":"2023-11-08T08:27:30","modified_gmt":"2023-11-08T11:27:30","slug":"el-trabajo-colaborativo-es-la-base-de-la-necesaria-transformacion-de-la-actividad-politica","status":"publish","type":"post","link":"https:\/\/rubenpirola.com\/nuevo\/el-trabajo-colaborativo-es-la-base-de-la-necesaria-transformacion-de-la-actividad-politica\/","title":{"rendered":"\u201cEl trabajo colaborativo es la base de la necesaria transformaci\u00f3n de la actividad pol\u00edtica\u201d"},"content":{"rendered":"<p><b>Presente en Gr\u00fctly<\/b><span style=\"font-weight: 400;\"><br \/>\n<\/span><span style=\"font-weight: 400;\">Mantuve con su Presidente Comunal V\u00edctor Beltramino un nuevo encuentro para avanzar en la agenda de gesti\u00f3n com\u00fan que fijamos y venimos trabajando en conjunto. En ese marco aport\u00e9 recursos destinados a la puesta en valor y recuperaci\u00f3n del quincho del predio comunal para el desarrollo de actividades en el per\u00edodo estival.<\/span><span style=\"font-weight: 400;\"><br \/>\n<\/span><span style=\"font-weight: 400;\"><br \/>\n<\/span><span style=\"font-weight: 400;\">Tambi\u00e9n, junto a Jorge Nicollier, nos unimos a integrantes de la Cooperadora de la Escuela N 338, del CER N\u00ba 008 \u201cCombate de San Lorenzo\u201d dando respuestas a necesidades que nos acercaron.<\/span><span style=\"font-weight: 400;\"><br \/>\n<\/span><span style=\"font-weight: 400;\"><br \/>\n<\/span><b>Impulsando la actividad en el Departamento<\/b><span style=\"font-weight: 400;\"><br \/>\n<\/span><span style=\"font-weight: 400;\">Me llena de satisfacci\u00f3n poder acompa\u00f1ar de manera concreta cada una de las realizaciones que se producen en nuestro Departamento. Son encuentros \u00fanicos que, con diferentes propuestas, tienen en com\u00fan la celebraci\u00f3n de la sana convivencia y el trabajo colaborativo, valores que se viven a diario en nuestras comunidades.<\/span><\/p>\n<p><span style=\"font-weight: 400;\">Gracias a todos por la confianza de siempre al convocarme a ser parte y poder sumar, en esta oportunidad, al Festival del Acorde\u00f3n en Franck, La Cabalgata por la Fe y la Uni\u00f3n de los Pueblos, al Torneo Guillermito en Pilar y la obra de teatro\u201c La Casa del Senador\u201d en Sa Pereira.<\/span><span style=\"font-weight: 400;\"><br \/>\n<\/span><span style=\"font-weight: 400;\"><br \/>\n<\/span><b>En Esperanza acompa\u00f1ando El Colonizador<\/b><b><br \/>\n<\/b><span style=\"font-weight: 400;\">Siempre es muy grato acompa\u00f1ar activamente a los integrantes del Centro Industria, Comercio y Afincados de Esperanza en este encuentro en el que destacan y celebran el hacer de industriales, comerciantes y prestadores de servicios de Esperanza.<\/span><\/p>\n","protected":false},"excerpt":{"rendered":"<p>Presente en Gr\u00fctly Mantuve con su Presidente Comunal V\u00edctor Beltramino un nuevo encuentro para avanzar en la agenda de gesti\u00f3n&nbsp;<\/p>\n","protected":false},"author":1,"featured_media":13934,"comment_status":"closed","ping_status":"closed","sticky":false,"template":"","format":"standard","meta":{"_acf_changed":false,"_joinchat":[],"footnotes":""},"categories":[2],"tags":[],"class_list":["post-13933","post","type-post","status-publish","format-standard","has-post-thumbnail","hentry","category-novedades"],"acf":[],"_links":{"self":[{"href":"https:\/\/rubenpirola.com\/nuevo\/wp-json\/wp\/v2\/posts\/13933","targetHints":{"allow":["GET"]}}],"collection":[{"href":"https:\/\/rubenpirola.com\/nuevo\/wp-json\/wp\/v2\/posts"}],"about":[{"href":"https:\/\/rubenpirola.com\/nuevo\/wp-json\/wp\/v2\/types\/post"}],"author":[{"embeddable":true,"href":"https:\/\/rubenpirola.com\/nuevo\/wp-json\/wp\/v2\/users\/1"}],"replies":[{"embeddable":true,"href":"https:\/\/rubenpirola.com\/nuevo\/wp-json\/wp\/v2\/comments?post=13933"}],"version-history":[{"count":0,"href":"https:\/\/rubenpirola.com\/nuevo\/wp-json\/wp\/v2\/posts\/13933\/revisions"}],"wp:featuredmedia":[{"embeddable":true,"href":"https:\/\/rubenpirola.com\/nuevo\/wp-json\/"}],"wp:attachment":[{"href":"https:\/\/rubenpirola.com\/nuevo\/wp-json\/wp\/v2\/media?parent=13933"}],"wp:term":[{"taxonomy":"category","embeddable":true,"href":"https:\/\/rubenpirola.com\/nuevo\/wp-json\/wp\/v2\/categories?post=13933"},{"taxonomy":"post_tag","embeddable":true,"href":"https:\/\/rubenpirola.com\/nuevo\/wp-json\/wp\/v2\/tags?post=13933"}],"curies":[{"name":"wp","href":"https:\/\/api.w.org\/{rel}","templated":true}]}}