{"id":13937,"date":"2023-11-18T09:10:29","date_gmt":"2023-11-18T12:10:29","guid":{"rendered":"https:\/\/www.rubenpirola.com\/?p=13937"},"modified":"2023-11-18T09:10:29","modified_gmt":"2023-11-18T12:10:29","slug":"junto-a-alejandra-van-strate-acompanamos-multiples-realizaciones","status":"publish","type":"post","link":"https:\/\/rubenpirola.com\/nuevo\/junto-a-alejandra-van-strate-acompanamos-multiples-realizaciones\/","title":{"rendered":"Junto a Alejandra Van Strate acompa\u00f1amos m\u00faltiples realizaciones."},"content":{"rendered":"<p><span style=\"font-weight: 400;\">Junto a Alejandra Van Strate continuamos acompa\u00f1ando de manera muy concreta las m\u00faltiples realizaciones que movilizan a vecinos de diferentes localidades en el Departamento.<\/span><span style=\"font-weight: 400;\"><br \/>\n<\/span><span style=\"font-weight: 400;\"><br \/>\n<\/span><b>San Jer\u00f3nimo Norte: Mega Concierto Yo Canto edici\u00f3n XVI<\/b><span style=\"font-weight: 400;\"><br \/>\n<\/span><span style=\"font-weight: 400;\">Felicitaciones a los alumnos, profesores y responsables de esta nueva edici\u00f3n de un encuentro que crece cada a\u00f1o y es un privilegio poder disfrutarlo junto a sus familias.<\/span><span style=\"font-weight: 400;\"><\/p>\n<p><\/span><\/p>\n<p><span style=\"font-weight: 400;\">La declaraci\u00f3n de Inter\u00e9s Legislativo que impuls\u00e9 y entregamos con Alejandra es un reconocimiento al trabajo conjunto y el compromiso de las escuelas de diferentes localidades que se unen para crear esta experiencia \u00fanica.<\/span><span style=\"font-weight: 400;\"><br \/>\n<\/span><span style=\"font-weight: 400;\"><br \/>\n<\/span><span style=\"font-weight: 400;\">Del encuentro participaron escuelas de <\/span><span style=\"font-weight: 400;\">San Jer\u00f3nimo Norte<\/span><span style=\"font-weight: 400;\">; <\/span><span style=\"font-weight: 400;\">Franck<\/span><span style=\"font-weight: 400;\">; <\/span><span style=\"font-weight: 400;\">Las Tunas<\/span><span style=\"font-weight: 400;\">; <\/span><span style=\"font-weight: 400;\">Pujato Norte<\/span><span style=\"font-weight: 400;\">; <\/span><span style=\"font-weight: 400;\">Colonia San Jos\u00e9<\/span><span style=\"font-weight: 400;\"> y <\/span><span style=\"font-weight: 400;\">Santa Mar\u00eda Norte<\/span> <span style=\"font-weight: 400;\"><br \/>\n<\/span><span style=\"font-weight: 400;\"><br \/>\n<\/span><b>En Esperanza junto al Club Aar\u00f3n Castellanos y la Agrupaci\u00f3n Coral Esperanza.<\/b><span style=\"font-weight: 400;\"><br \/>\n<\/span><span style=\"font-weight: 400;\">Somos un equipo que ve a las instituciones y el trabajo de las mujeres y hombres que las componen como los cimientos fundamentales en la construcci\u00f3n de una sociedad mejor, es por esto que acompa\u00f1arlas ocurre naturalmente desde el primer d\u00eda aportando recursos para el logro de sus proyectos.<\/p>\n<p><\/span><span style=\"font-weight: 400;\">En esta oportunidad, con mi presencia en la inauguraci\u00f3n de las canchas de tenis del Club Aar\u00f3n Castellanos y con la de Alejandra van Strate en los 30 a\u00f1os de la Agrupaci\u00f3n Coral Esperanza.<\/span><span style=\"font-weight: 400;\"><br \/>\n<\/span><span style=\"font-weight: 400;\"><br \/>\n<\/span><b>Presente en Progreso<\/b><span style=\"font-weight: 400;\"><br \/>\n<\/span><span style=\"font-weight: 400;\">Adem\u00e1s, particip\u00e9\u00a0 del 20\u00b0 aniversario de la Biblioteca Popular \u00abMar\u00eda Emilia Divo\u00bb, declarado de Inter\u00e9s Legislativo como una manera m\u00e1s de reconocer el gran trabajo que realizan y destacando su trayectoria.<\/span><span style=\"font-weight: 400;\"><br \/>\n<\/span><span style=\"font-weight: 400;\"><br \/>\n<\/span><span style=\"font-weight: 400;\">La visita a la localidad sirvi\u00f3 tambi\u00e9n, para que junto a Daniel Ribero, su presidente comunal, nos uni\u00e9ramos a quienes integran la Iglesia Evang\u00e9lica del R\u00edo de la Plata y la Iglesia Cat\u00f3lica Inmaculada Concepci\u00f3n para concretar un aporte que cada instituci\u00f3n destinar\u00e1 a mantener y refaccionar el templo y la iglesia.<\/p>\n<p><\/span><\/p>\n\n<p><span style=\"font-weight: 400;\">\u00a0<\/span><\/p>\n","protected":false},"excerpt":{"rendered":"<p>Junto a Alejandra Van Strate continuamos acompa\u00f1ando de manera muy concreta las m\u00faltiples realizaciones que movilizan a vecinos de diferentes&nbsp;<\/p>\n","protected":false},"author":1,"featured_media":13940,"comment_status":"closed","ping_status":"closed","sticky":false,"template":"","format":"standard","meta":{"_acf_changed":false,"_joinchat":[],"footnotes":""},"categories":[2],"tags":[],"class_list":["post-13937","post","type-post","status-publish","format-standard","has-post-thumbnail","hentry","category-novedades"],"acf":[],"_links":{"self":[{"href":"https:\/\/rubenpirola.com\/nuevo\/wp-json\/wp\/v2\/posts\/13937","targetHints":{"allow":["GET"]}}],"collection":[{"href":"https:\/\/rubenpirola.com\/nuevo\/wp-json\/wp\/v2\/posts"}],"about":[{"href":"https:\/\/rubenpirola.com\/nuevo\/wp-json\/wp\/v2\/types\/post"}],"author":[{"embeddable":true,"href":"https:\/\/rubenpirola.com\/nuevo\/wp-json\/wp\/v2\/users\/1"}],"replies":[{"embeddable":true,"href":"https:\/\/rubenpirola.com\/nuevo\/wp-json\/wp\/v2\/comments?post=13937"}],"version-history":[{"count":0,"href":"https:\/\/rubenpirola.com\/nuevo\/wp-json\/wp\/v2\/posts\/13937\/revisions"}],"wp:featuredmedia":[{"embeddable":true,"href":"https:\/\/rubenpirola.com\/nuevo\/wp-json\/"}],"wp:attachment":[{"href":"https:\/\/rubenpirola.com\/nuevo\/wp-json\/wp\/v2\/media?parent=13937"}],"wp:term":[{"taxonomy":"category","embeddable":true,"href":"https:\/\/rubenpirola.com\/nuevo\/wp-json\/wp\/v2\/categories?post=13937"},{"taxonomy":"post_tag","embeddable":true,"href":"https:\/\/rubenpirola.com\/nuevo\/wp-json\/wp\/v2\/tags?post=13937"}],"curies":[{"name":"wp","href":"https:\/\/api.w.org\/{rel}","templated":true}]}}