{"id":13942,"date":"2023-11-20T21:11:29","date_gmt":"2023-11-21T00:11:29","guid":{"rendered":"https:\/\/www.rubenpirola.com\/?p=13942"},"modified":"2023-11-20T21:11:29","modified_gmt":"2023-11-21T00:11:29","slug":"actividades-en-santo-domingo-y-san-carlos-centro","status":"publish","type":"post","link":"https:\/\/rubenpirola.com\/nuevo\/actividades-en-santo-domingo-y-san-carlos-centro\/","title":{"rendered":"Actividades en Santo Domingo y San Carlos Centro."},"content":{"rendered":"<p><span style=\"font-weight: 400;\">En Santo Domingo unido y trabajando junto a quienes forman parte del SAMCo, del Centro de D\u00eda Jacarand\u00e1 y la Asociaci\u00f3n Cooperadora de la Escuela N\u00ba 349 destaco a todas aquellas personas que conforman las instituciones de Las Colonias que<\/span> <span style=\"font-weight: 400;\">con enorme compromiso hacen y mucho por sus comunidades.<\/span><span style=\"font-weight: 400;\"><br \/>\n<\/span><span style=\"font-weight: 400;\"><br \/>\n<\/span><b>Caf\u00e9 Pedag\u00f3gico en San Carlos Centro<\/b><span style=\"font-weight: 400;\"><br \/>\n<\/span><span style=\"font-weight: 400;\">Acompa\u00f1ar, sumar y estar presente en la disertaci\u00f3n de Daniel Brailovsky , en este importante encuentro para la educaci\u00f3n de San Carlos Centro y la regi\u00f3n, organizado por el Instituto Superior de Profesorado N\u00ba 60 de San Carlos Centro, ocurre de manera natural convencido que, representar los intereses de todos es estar muy atento a incorporar y visibilizar herramientas que desde distintos \u00e1mbitos se brindan para pensar en profundidad la necesaria transformaci\u00f3n social.<\/span><span style=\"font-weight: 400;\"><br \/>\n<\/span><span style=\"font-weight: 400;\"><br \/>\n<\/span><b>Milei el candidato a presidente m\u00e1s votado en la provincia<\/b><span style=\"font-weight: 400;\"><br \/>\n<\/span><span style=\"font-weight: 400;\">Para destacar el d\u00eda de democracia plena que vivimos en todo el pa\u00eds, la provincia y en nuestro Departamento, felicitar a Javier Milei y a quienes trabajaron para su candidatura, por el triunfo y principalmente, instar a todos quienes fueron electos en cada categor\u00eda de la actividad pol\u00edtica institucional para un pr\u00f3ximo per\u00edodo que, comenzaremos este 10 de diciembre, a trabajar, cada uno desde su lugar juntos y en positivo para crear las mejores soluciones y que \u00e9stas lleguen a cada rinc\u00f3n de nuestro pa\u00eds.<\/span><\/p>\n\n","protected":false},"excerpt":{"rendered":"<p>En Santo Domingo unido y trabajando junto a quienes forman parte del SAMCo, del Centro de D\u00eda Jacarand\u00e1 y la&nbsp;<\/p>\n","protected":false},"author":1,"featured_media":13946,"comment_status":"closed","ping_status":"closed","sticky":false,"template":"","format":"standard","meta":{"_acf_changed":false,"_joinchat":[],"footnotes":""},"categories":[2],"tags":[],"class_list":["post-13942","post","type-post","status-publish","format-standard","has-post-thumbnail","hentry","category-novedades"],"acf":[],"_links":{"self":[{"href":"https:\/\/rubenpirola.com\/nuevo\/wp-json\/wp\/v2\/posts\/13942","targetHints":{"allow":["GET"]}}],"collection":[{"href":"https:\/\/rubenpirola.com\/nuevo\/wp-json\/wp\/v2\/posts"}],"about":[{"href":"https:\/\/rubenpirola.com\/nuevo\/wp-json\/wp\/v2\/types\/post"}],"author":[{"embeddable":true,"href":"https:\/\/rubenpirola.com\/nuevo\/wp-json\/wp\/v2\/users\/1"}],"replies":[{"embeddable":true,"href":"https:\/\/rubenpirola.com\/nuevo\/wp-json\/wp\/v2\/comments?post=13942"}],"version-history":[{"count":0,"href":"https:\/\/rubenpirola.com\/nuevo\/wp-json\/wp\/v2\/posts\/13942\/revisions"}],"wp:featuredmedia":[{"embeddable":true,"href":"https:\/\/rubenpirola.com\/nuevo\/wp-json\/"}],"wp:attachment":[{"href":"https:\/\/rubenpirola.com\/nuevo\/wp-json\/wp\/v2\/media?parent=13942"}],"wp:term":[{"taxonomy":"category","embeddable":true,"href":"https:\/\/rubenpirola.com\/nuevo\/wp-json\/wp\/v2\/categories?post=13942"},{"taxonomy":"post_tag","embeddable":true,"href":"https:\/\/rubenpirola.com\/nuevo\/wp-json\/wp\/v2\/tags?post=13942"}],"curies":[{"name":"wp","href":"https:\/\/api.w.org\/{rel}","templated":true}]}}