{"id":13954,"date":"2023-12-01T12:43:23","date_gmt":"2023-12-01T15:43:23","guid":{"rendered":"https:\/\/www.rubenpirola.com\/?p=13954"},"modified":"2023-12-01T12:43:23","modified_gmt":"2023-12-01T15:43:23","slug":"voto-en-positivo-para-el-presupuesto-2024-y-destaco-el-logro-de-la-ley-que-crea-nuevos-juzgados-uno-laboral-y-uno-penal-para-las-colonias","status":"publish","type":"post","link":"https:\/\/rubenpirola.com\/nuevo\/voto-en-positivo-para-el-presupuesto-2024-y-destaco-el-logro-de-la-ley-que-crea-nuevos-juzgados-uno-laboral-y-uno-penal-para-las-colonias\/","title":{"rendered":"Voto en positivo para el presupuesto 2024 y destaco el logro de la ley que crea nuevos juzgados, uno laboral y uno penal para Las Colonias"},"content":{"rendered":"<p>\u201cUna vez m\u00e1s celebro el trabajo conjunto, ese que nos permite encontrar soluciones m\u00e1s efectivas, una manera de hacer que promuevo desde el primer d\u00eda y que hoy vuelve a generar un resultado positivo a partir de la labor en Diputados de Jimena Senn con quien compartimos el logro de la sanci\u00f3n de una ley que crea un nuevo juzgado laboral y un juzgado penal para Las Colonias.<\/p>\n<p>El deseo es que, el nuevo ciclo que comienza contin\u00fae con esta manera de hacer, siempre juntos y en positivo en beneficio de todos.<\/p>\n<p><strong>Voto afirmativo para el presupuesto 2024<\/strong><br \/>\nImpulsor permanente de un trabajo colaborativo y siempre en positivo en b\u00fasqueda de fortalecer la pr\u00e1ctica democr\u00e1tica para encontrar las soluciones m\u00e1s efectivas a los desaf\u00edos que enfrentan los santafesinos en general y quienes viven en Las Colonias en particular una vez m\u00e1s acompa\u00f1\u00e9 con mi voto en positivo el presupuesto 2024.<\/p>\n<p>\u201cVienen tiempos complejos en nuestra provincia, trabajar juntos y en positivo para facilitar r\u00e1pidamente una herramienta esencial para poner en pr\u00e1ctica un programa de un nuevo gobierno no es m\u00e1s que ser responsable y cumplir con un compromiso democr\u00e1tico que surge de la vocaci\u00f3n de trabajar para el bien com\u00fan\u201d<\/p>\n","protected":false},"excerpt":{"rendered":"<p>?Una vez m\u00e1s celebro el trabajo conjunto, ese que nos permite encontrar soluciones m\u00e1s efectivas, una manera de hacer que&nbsp;<\/p>\n","protected":false},"author":1,"featured_media":13955,"comment_status":"closed","ping_status":"closed","sticky":false,"template":"","format":"standard","meta":{"_acf_changed":false,"_joinchat":[],"footnotes":""},"categories":[2],"tags":[],"class_list":["post-13954","post","type-post","status-publish","format-standard","has-post-thumbnail","hentry","category-novedades"],"acf":[],"_links":{"self":[{"href":"https:\/\/rubenpirola.com\/nuevo\/wp-json\/wp\/v2\/posts\/13954","targetHints":{"allow":["GET"]}}],"collection":[{"href":"https:\/\/rubenpirola.com\/nuevo\/wp-json\/wp\/v2\/posts"}],"about":[{"href":"https:\/\/rubenpirola.com\/nuevo\/wp-json\/wp\/v2\/types\/post"}],"author":[{"embeddable":true,"href":"https:\/\/rubenpirola.com\/nuevo\/wp-json\/wp\/v2\/users\/1"}],"replies":[{"embeddable":true,"href":"https:\/\/rubenpirola.com\/nuevo\/wp-json\/wp\/v2\/comments?post=13954"}],"version-history":[{"count":0,"href":"https:\/\/rubenpirola.com\/nuevo\/wp-json\/wp\/v2\/posts\/13954\/revisions"}],"wp:featuredmedia":[{"embeddable":true,"href":"https:\/\/rubenpirola.com\/nuevo\/wp-json\/"}],"wp:attachment":[{"href":"https:\/\/rubenpirola.com\/nuevo\/wp-json\/wp\/v2\/media?parent=13954"}],"wp:term":[{"taxonomy":"category","embeddable":true,"href":"https:\/\/rubenpirola.com\/nuevo\/wp-json\/wp\/v2\/categories?post=13954"},{"taxonomy":"post_tag","embeddable":true,"href":"https:\/\/rubenpirola.com\/nuevo\/wp-json\/wp\/v2\/tags?post=13954"}],"curies":[{"name":"wp","href":"https:\/\/api.w.org\/{rel}","templated":true}]}}