{"id":13957,"date":"2023-12-04T22:24:24","date_gmt":"2023-12-05T01:24:24","guid":{"rendered":"https:\/\/www.rubenpirola.com\/?p=13957"},"modified":"2023-12-04T22:24:24","modified_gmt":"2023-12-05T01:24:24","slug":"sumamos-avances-para-la-salud-de-las-colonias","status":"publish","type":"post","link":"https:\/\/rubenpirola.com\/nuevo\/sumamos-avances-para-la-salud-de-las-colonias\/","title":{"rendered":"Sumamos avances para la salud de Las Colonias"},"content":{"rendered":"<p><span style=\"font-weight: 400;\">El trabajo del \u00e1rea de infraestructura que lidera Alejandra Van Strate en nuestra estructura de la representaci\u00f3n territorial contin\u00faa sumando resultados positivos, en este caso a partir de la inauguraci\u00f3n del CAPS de Cavour y el avance de las obras en el SAMCo de Esperanza.<\/span><\/p>\n<p><b>Inauguraci\u00f3n CAPS de Cavour<br \/>\n<\/b><span style=\"font-weight: 400;\">Al hacer referencia a este nuevo logro Alejandra Van Strate public\u00f3 en su Instagram <\/span><i><span style=\"font-weight: 400;\">\u201cMuy agradecida por la confianza del Senador\u00a0 Rub\u00e9n Pirola, de Marcela Perez,\u00a0 presidente comunal de Cavour y de las Ministras de Salud e Infraestructura que me permitieron liderar t\u00e9cnicamente un proyecto de estas caracter\u00edsticas que contribuye a mejorar la calidad de vida de nuestros vecinos en Las Colonias\u201d<\/span><\/i><\/p>\n<p><span style=\"font-weight: 400;\">Para mi, es otro logro muy importante para la salud de Las Colonias, es el resultado de gestiones permanentes y la escucha activa de las titulares de los Ministerios de Salud e Infraestructura con quienes trabajamos de manera colaborativa con el liderazgo t\u00e9cnico de Alejandra y el acompa\u00f1amiento constante de su presidente comunal, Marcela Perez..<\/span><\/p>\n<p><b>Avanzan las obras de refuncionalizaci\u00f3n del SAMCo en Esperanza<\/b><\/p>\n<p><span style=\"font-weight: 400;\">Junto a Alejandra Van Strate nos unimos al\u00a0 Dr. Jos\u00e9 Spies y al Dr. Jorge Allin, para recorrer la obra de remodelaci\u00f3n y re funcionamiento que se encuentra en ejecuci\u00f3n.\u00a0<\/span><\/p>\n<p><span style=\"font-weight: 400;\">La misma es fruto de una gesti\u00f3n conjunta entre el SAMCo y nuestra oficina de infraestructura y el municipio de Esperanza\u00a0 ante el Ministerio de Gesti\u00f3n P\u00fablica del gobierno provincial.\u00a0<\/span><\/p>\n<p><span style=\"font-weight: 400;\">La intervenci\u00f3n comprende la refuncionalizaci\u00f3n del sector de internaci\u00f3n, y la ampliaci\u00f3n y creaci\u00f3n de un ingreso independiente para dicho sector.<\/span><\/p>\n<p><span style=\"font-weight: 400;\">Estamos muy esperanzados que la nueva administraci\u00f3n provincial mantenga y potencie una escucha activa y un trabajo coordinado que nos permita seguir sumando logros para nuestros vecinos a partir de esta manera de representar que construimos entre todos.<\/p>\n<p><\/span><\/p>\n\n<p><span style=\"font-weight: 400;\">\u00a0<\/span><\/p>\n","protected":false},"excerpt":{"rendered":"<p>El trabajo del \u00e1rea de infraestructura que lidera Alejandra Van Strate en nuestra estructura de la representaci\u00f3n territorial contin\u00faa sumando&nbsp;<\/p>\n","protected":false},"author":1,"featured_media":13962,"comment_status":"closed","ping_status":"closed","sticky":false,"template":"","format":"standard","meta":{"_acf_changed":false,"_joinchat":[],"footnotes":""},"categories":[2],"tags":[],"class_list":["post-13957","post","type-post","status-publish","format-standard","has-post-thumbnail","hentry","category-novedades"],"acf":[],"_links":{"self":[{"href":"https:\/\/rubenpirola.com\/nuevo\/wp-json\/wp\/v2\/posts\/13957","targetHints":{"allow":["GET"]}}],"collection":[{"href":"https:\/\/rubenpirola.com\/nuevo\/wp-json\/wp\/v2\/posts"}],"about":[{"href":"https:\/\/rubenpirola.com\/nuevo\/wp-json\/wp\/v2\/types\/post"}],"author":[{"embeddable":true,"href":"https:\/\/rubenpirola.com\/nuevo\/wp-json\/wp\/v2\/users\/1"}],"replies":[{"embeddable":true,"href":"https:\/\/rubenpirola.com\/nuevo\/wp-json\/wp\/v2\/comments?post=13957"}],"version-history":[{"count":0,"href":"https:\/\/rubenpirola.com\/nuevo\/wp-json\/wp\/v2\/posts\/13957\/revisions"}],"wp:featuredmedia":[{"embeddable":true,"href":"https:\/\/rubenpirola.com\/nuevo\/wp-json\/"}],"wp:attachment":[{"href":"https:\/\/rubenpirola.com\/nuevo\/wp-json\/wp\/v2\/media?parent=13957"}],"wp:term":[{"taxonomy":"category","embeddable":true,"href":"https:\/\/rubenpirola.com\/nuevo\/wp-json\/wp\/v2\/categories?post=13957"},{"taxonomy":"post_tag","embeddable":true,"href":"https:\/\/rubenpirola.com\/nuevo\/wp-json\/wp\/v2\/tags?post=13957"}],"curies":[{"name":"wp","href":"https:\/\/api.w.org\/{rel}","templated":true}]}}