{"id":13971,"date":"2023-12-15T10:16:52","date_gmt":"2023-12-15T13:16:52","guid":{"rendered":"https:\/\/www.rubenpirola.com\/?p=13971"},"modified":"2023-12-15T10:16:52","modified_gmt":"2023-12-15T13:16:52","slug":"senadores-justicialistas-sumamos-de-manera-colaborativa-en-el-inicio-de-la-administracion-pullaro","status":"publish","type":"post","link":"https:\/\/rubenpirola.com\/nuevo\/senadores-justicialistas-sumamos-de-manera-colaborativa-en-el-inicio-de-la-administracion-pullaro\/","title":{"rendered":"Senadores Justicialistas sumamos de manera colaborativa en el inicio de la administraci\u00f3n Pullaro"},"content":{"rendered":"<p><span style=\"font-weight: 400;\">Los Senadores Justicialistas nos reunimos\u00a0 con\u00a0 los ministros Fabi\u00e1n Bast\u00eda,de Gobierno e Innovacion P\u00fablica y Pablo Cococcioni, titular del Ministerio de Seguridad y Justicia.\u00a0<\/span><\/p>\n<p><span style=\"font-weight: 400;\">All\u00ed recibimos las iniciativas que el ejecutivo provincial considera imprescindibles para tener mejores herramientas que ayuden a fortalecer la seguridad, y tambi\u00e9n proyectos legislativos que avanzan con las emergencias social e h\u00eddrica.<\/span><\/p>\n<p><span style=\"font-weight: 400;\">Valoramos cada iniciativa poniendo toda nuestra experiencia y conocimientos para poder tratarlas a la brevedad.<\/span><\/p>\n<p><span style=\"font-weight: 400;\"><strong>As\u00ed, se sancionaron con el voto en positivo de todos:<\/strong><br \/>\n<\/span><span style=\"font-weight: 400;\">1) Declaraci\u00f3n del Estado de Emergencia en Seguridad P\u00fablica en la Provincia de Santa Fe<br \/>\n<\/span><span style=\"font-weight: 400;\">2) Ley de Gastos Reservados<br \/>\n<\/span><span style=\"font-weight: 400;\">3) Ley de adhesi\u00f3n a la desfederalizaci\u00f3n parcial de la competencia penal en materia de estupefacientes (Ley 26052 ) : Narcomenudeo<br \/>\n<\/span><span style=\"font-weight: 400;\">4) Declaraci\u00f3n de Emergencia H\u00eddrica en todo el territorio de la Provincia<br \/>\n<\/span><span style=\"font-weight: 400;\">5) Ley de Ejecuci\u00f3n de la Pena Privativa de Libertad<br \/>\n<\/span><span style=\"font-weight: 400;\">6) Autorizaci\u00f3n a los Municipios y Comunas de la Provincia para afectar al pago de gastos corrientes, los saldos pendientes, no solicitados, del Fondo para la Construcci\u00f3n de Obras y Adquisici\u00f3n de Equipamientos y Rodados (Ley 12385)<\/span><\/p>\n<p><span style=\"font-weight: 400;\">Adem\u00e1s, votamos a favor de convertir en Ley, el proyecto llegado de Diputados, la Ley Org\u00e1nica del Servicio Penitenciario.<\/p>\n<p><\/span><\/p>\n\n<p><span style=\"font-weight: 400;\">\u00a0<\/span><\/p>\n","protected":false},"excerpt":{"rendered":"<p>Los Senadores Justicialistas nos reunimos\u00a0 con\u00a0 los ministros Fabi\u00e1n Bast\u00eda,de Gobierno e Innovacion P\u00fablica y Pablo Cococcioni, titular del Ministerio&nbsp;<\/p>\n","protected":false},"author":1,"featured_media":13972,"comment_status":"closed","ping_status":"closed","sticky":false,"template":"","format":"standard","meta":{"_acf_changed":false,"_joinchat":[],"footnotes":""},"categories":[2],"tags":[],"class_list":["post-13971","post","type-post","status-publish","format-standard","has-post-thumbnail","hentry","category-novedades"],"acf":[],"_links":{"self":[{"href":"https:\/\/rubenpirola.com\/nuevo\/wp-json\/wp\/v2\/posts\/13971","targetHints":{"allow":["GET"]}}],"collection":[{"href":"https:\/\/rubenpirola.com\/nuevo\/wp-json\/wp\/v2\/posts"}],"about":[{"href":"https:\/\/rubenpirola.com\/nuevo\/wp-json\/wp\/v2\/types\/post"}],"author":[{"embeddable":true,"href":"https:\/\/rubenpirola.com\/nuevo\/wp-json\/wp\/v2\/users\/1"}],"replies":[{"embeddable":true,"href":"https:\/\/rubenpirola.com\/nuevo\/wp-json\/wp\/v2\/comments?post=13971"}],"version-history":[{"count":0,"href":"https:\/\/rubenpirola.com\/nuevo\/wp-json\/wp\/v2\/posts\/13971\/revisions"}],"wp:featuredmedia":[{"embeddable":true,"href":"https:\/\/rubenpirola.com\/nuevo\/wp-json\/"}],"wp:attachment":[{"href":"https:\/\/rubenpirola.com\/nuevo\/wp-json\/wp\/v2\/media?parent=13971"}],"wp:term":[{"taxonomy":"category","embeddable":true,"href":"https:\/\/rubenpirola.com\/nuevo\/wp-json\/wp\/v2\/categories?post=13971"},{"taxonomy":"post_tag","embeddable":true,"href":"https:\/\/rubenpirola.com\/nuevo\/wp-json\/wp\/v2\/tags?post=13971"}],"curies":[{"name":"wp","href":"https:\/\/api.w.org\/{rel}","templated":true}]}}