{"id":13984,"date":"2023-12-20T19:57:15","date_gmt":"2023-12-20T22:57:15","guid":{"rendered":"https:\/\/www.rubenpirola.com\/?p=13984"},"modified":"2023-12-20T19:57:15","modified_gmt":"2023-12-20T22:57:15","slug":"recibimos-a-la-fiscal-general-del-ministerio-publico-de-la-acusacion-mpa","status":"publish","type":"post","link":"https:\/\/rubenpirola.com\/nuevo\/recibimos-a-la-fiscal-general-del-ministerio-publico-de-la-acusacion-mpa\/","title":{"rendered":"Recibimos a La Fiscal General del Ministerio P\u00fablico de la Acusaci\u00f3n (MPA)"},"content":{"rendered":"<p><span style=\"font-weight: 400;\">Tenemos el prop\u00f3sito de garantizar que la totalidad de las voces y perspectivas sean tenidas en cuenta a la hora de legislar en la creaci\u00f3n de pol\u00edticas p\u00fablicas para todos los santafesinos.<\/span><\/p>\n<p><span style=\"font-weight: 400;\">Coherentes con nuestra determinaci\u00f3n, recibimos en el Bloque de Senadores Justicialistas a la Dra Mar\u00eda Cecilia Vranicich para escuchar sus expectativas e intercambiar opini\u00f3n sobre las leyes ya sancionadas de narcomenudeo y microtr\u00e1fico y los mensajes enviados por el Ejecutivo que modifica la estructura y funcionamiento del MPA, modificaciones a la ley de ejecuci\u00f3n de la pena preventiva de libertad y reformas al c\u00f3digo procesal de la provincia sobre los que pr\u00f3ximamente vamos a abordar.<\/p>\n<p><\/span><\/p>\n\n<p><span style=\"font-weight: 400;\">\u00a0<\/span><\/p>\n","protected":false},"excerpt":{"rendered":"<p>Tenemos el prop\u00f3sito de garantizar que la totalidad de las voces y perspectivas sean tenidas en cuenta a la hora&nbsp;<\/p>\n","protected":false},"author":1,"featured_media":13987,"comment_status":"closed","ping_status":"closed","sticky":false,"template":"","format":"standard","meta":{"_acf_changed":false,"_joinchat":[],"footnotes":""},"categories":[2],"tags":[],"class_list":["post-13984","post","type-post","status-publish","format-standard","has-post-thumbnail","hentry","category-novedades"],"acf":[],"_links":{"self":[{"href":"https:\/\/rubenpirola.com\/nuevo\/wp-json\/wp\/v2\/posts\/13984","targetHints":{"allow":["GET"]}}],"collection":[{"href":"https:\/\/rubenpirola.com\/nuevo\/wp-json\/wp\/v2\/posts"}],"about":[{"href":"https:\/\/rubenpirola.com\/nuevo\/wp-json\/wp\/v2\/types\/post"}],"author":[{"embeddable":true,"href":"https:\/\/rubenpirola.com\/nuevo\/wp-json\/wp\/v2\/users\/1"}],"replies":[{"embeddable":true,"href":"https:\/\/rubenpirola.com\/nuevo\/wp-json\/wp\/v2\/comments?post=13984"}],"version-history":[{"count":0,"href":"https:\/\/rubenpirola.com\/nuevo\/wp-json\/wp\/v2\/posts\/13984\/revisions"}],"wp:featuredmedia":[{"embeddable":true,"href":"https:\/\/rubenpirola.com\/nuevo\/wp-json\/"}],"wp:attachment":[{"href":"https:\/\/rubenpirola.com\/nuevo\/wp-json\/wp\/v2\/media?parent=13984"}],"wp:term":[{"taxonomy":"category","embeddable":true,"href":"https:\/\/rubenpirola.com\/nuevo\/wp-json\/wp\/v2\/categories?post=13984"},{"taxonomy":"post_tag","embeddable":true,"href":"https:\/\/rubenpirola.com\/nuevo\/wp-json\/wp\/v2\/tags?post=13984"}],"curies":[{"name":"wp","href":"https:\/\/api.w.org\/{rel}","templated":true}]}}