{"id":14022,"date":"2024-01-29T13:32:05","date_gmt":"2024-01-29T16:32:05","guid":{"rendered":"https:\/\/www.rubenpirola.com\/?p=14022"},"modified":"2024-01-29T13:32:05","modified_gmt":"2024-01-29T16:32:05","slug":"comparto-completa-la-entrevista-realizada-en-lt-10","status":"publish","type":"post","link":"https:\/\/rubenpirola.com\/nuevo\/comparto-completa-la-entrevista-realizada-en-lt-10\/","title":{"rendered":"Comparto completa la entrevista realizada en LT 10"},"content":{"rendered":"<p>En la entrevista, abordamos las preocupaciones sobre la gesti\u00f3n de infraestructura y servicios en Santa Fe. Destaqu\u00e9 adem\u00e1s, la importancia de la fluidez en la informaci\u00f3n entre el gobierno provincial, los municipios y comunas principalmente los gobernados por la oposici\u00f3n que ven con preocupaci\u00f3n una incipiente discriminaci\u00f3n.<\/p>\n<p>Tambi\u00e9n se\u00f1al\u00e9 la necesidad de recursos y el apoyo legislativo para afrontar desaf\u00edos como los aguinaldos en su momento y abogu\u00e9 por un di\u00e1logo constructivo entre distintos sectores pol\u00edticos.<\/p>\n<p>Critiqu\u00e9 la falta de debate detallado sobre leyes y medidas que se impulsan desde el gobierno de Milei, resaltando la complejidad y preocupaciones que suscitan entre los ciudadanos.<\/p>\n<p><iframe loading=\"lazy\" title=\"Entrevista LT10\" src=\"https:\/\/www.youtube.com\/embed\/ktwR6mT2soE\" width=\"681\" height=\"383\" frameborder=\"0\" allowfullscreen=\"allowfullscreen\"><\/iframe><\/p>\n","protected":false},"excerpt":{"rendered":"<p>En la entrevista, abordamos las preocupaciones sobre la gesti\u00f3n de infraestructura y servicios en Santa Fe. Destaqu\u00e9 adem\u00e1s, la importancia&nbsp;<\/p>\n","protected":false},"author":1,"featured_media":14023,"comment_status":"closed","ping_status":"closed","sticky":false,"template":"","format":"standard","meta":{"_acf_changed":false,"_joinchat":[],"footnotes":""},"categories":[2],"tags":[],"class_list":["post-14022","post","type-post","status-publish","format-standard","has-post-thumbnail","hentry","category-novedades"],"acf":[],"_links":{"self":[{"href":"https:\/\/rubenpirola.com\/nuevo\/wp-json\/wp\/v2\/posts\/14022","targetHints":{"allow":["GET"]}}],"collection":[{"href":"https:\/\/rubenpirola.com\/nuevo\/wp-json\/wp\/v2\/posts"}],"about":[{"href":"https:\/\/rubenpirola.com\/nuevo\/wp-json\/wp\/v2\/types\/post"}],"author":[{"embeddable":true,"href":"https:\/\/rubenpirola.com\/nuevo\/wp-json\/wp\/v2\/users\/1"}],"replies":[{"embeddable":true,"href":"https:\/\/rubenpirola.com\/nuevo\/wp-json\/wp\/v2\/comments?post=14022"}],"version-history":[{"count":0,"href":"https:\/\/rubenpirola.com\/nuevo\/wp-json\/wp\/v2\/posts\/14022\/revisions"}],"wp:featuredmedia":[{"embeddable":true,"href":"https:\/\/rubenpirola.com\/nuevo\/wp-json\/"}],"wp:attachment":[{"href":"https:\/\/rubenpirola.com\/nuevo\/wp-json\/wp\/v2\/media?parent=14022"}],"wp:term":[{"taxonomy":"category","embeddable":true,"href":"https:\/\/rubenpirola.com\/nuevo\/wp-json\/wp\/v2\/categories?post=14022"},{"taxonomy":"post_tag","embeddable":true,"href":"https:\/\/rubenpirola.com\/nuevo\/wp-json\/wp\/v2\/tags?post=14022"}],"curies":[{"name":"wp","href":"https:\/\/api.w.org\/{rel}","templated":true}]}}