{"id":14623,"date":"2007-12-20T17:33:50","date_gmt":"2007-12-20T17:33:50","guid":{"rendered":"http:\/\/www.rubenpirola.com\/?p=208"},"modified":"2007-12-20T17:33:50","modified_gmt":"2007-12-20T17:33:50","slug":"obras-publicas-para-departamentos-de-la-provincia","status":"publish","type":"post","link":"https:\/\/rubenpirola.com\/nuevo\/obras-publicas-para-departamentos-de-la-provincia\/","title":{"rendered":"Obras p\u00fablicas para departamentos de la Provincia"},"content":{"rendered":"<p>Se solicita al Poder Ejecutivo incorpore Obras p\u00fablicas para departamentos de la Provincia en el presupuesto anal\u00edtico para 2008.<\/p>\n","protected":false},"excerpt":{"rendered":"<p>Se solicita al Poder Ejecutivo incorpore Obras p\u00fablicas para departamentos de la Provincia en el presupuesto anal\u00edtico para 2008.<\/p>\n","protected":false},"author":1,"featured_media":0,"comment_status":"open","ping_status":"open","sticky":false,"template":"","format":"standard","meta":{"_acf_changed":false,"_joinchat":[],"footnotes":""},"categories":[5],"tags":[7,8],"class_list":["post-14623","post","type-post","status-publish","format-standard","hentry","category-accionlegislativa","tag-depto-las-colonias","tag-presupuesto"],"acf":[],"_links":{"self":[{"href":"https:\/\/rubenpirola.com\/nuevo\/wp-json\/wp\/v2\/posts\/14623","targetHints":{"allow":["GET"]}}],"collection":[{"href":"https:\/\/rubenpirola.com\/nuevo\/wp-json\/wp\/v2\/posts"}],"about":[{"href":"https:\/\/rubenpirola.com\/nuevo\/wp-json\/wp\/v2\/types\/post"}],"author":[{"embeddable":true,"href":"https:\/\/rubenpirola.com\/nuevo\/wp-json\/wp\/v2\/users\/1"}],"replies":[{"embeddable":true,"href":"https:\/\/rubenpirola.com\/nuevo\/wp-json\/wp\/v2\/comments?post=14623"}],"version-history":[{"count":0,"href":"https:\/\/rubenpirola.com\/nuevo\/wp-json\/wp\/v2\/posts\/14623\/revisions"}],"wp:attachment":[{"href":"https:\/\/rubenpirola.com\/nuevo\/wp-json\/wp\/v2\/media?parent=14623"}],"wp:term":[{"taxonomy":"category","embeddable":true,"href":"https:\/\/rubenpirola.com\/nuevo\/wp-json\/wp\/v2\/categories?post=14623"},{"taxonomy":"post_tag","embeddable":true,"href":"https:\/\/rubenpirola.com\/nuevo\/wp-json\/wp\/v2\/tags?post=14623"}],"curies":[{"name":"wp","href":"https:\/\/api.w.org\/{rel}","templated":true}]}}