{"id":14629,"date":"2008-02-28T17:48:09","date_gmt":"2008-02-28T17:48:09","guid":{"rendered":"http:\/\/www.rubenpirola.com\/?p=224"},"modified":"2008-02-28T17:48:09","modified_gmt":"2008-02-28T17:48:09","slug":"jardin-de-infantes-131-de-progreso","status":"publish","type":"post","link":"https:\/\/rubenpirola.com\/nuevo\/jardin-de-infantes-131-de-progreso\/","title":{"rendered":"Jard\u00edn de infantes  131, de Progreso"},"content":{"rendered":"<p>Se solicita al Poder Ejecutivo creaci\u00f3n de cargo de maestra de nivel inicial para el Jard\u00edn de infantes  131, Mart\u00edn de la Pe\u00f1a, de Progreso, Dpto. Las Colonias.<\/p>\n","protected":false},"excerpt":{"rendered":"<p>Se solicita al Poder Ejecutivo creaci\u00f3n de cargo de maestra de nivel inicial para el Jard\u00edn de infantes 131, Mart\u00edn&nbsp;<\/p>\n","protected":false},"author":1,"featured_media":0,"comment_status":"open","ping_status":"open","sticky":false,"template":"","format":"standard","meta":{"_acf_changed":false,"_joinchat":[],"footnotes":""},"categories":[5],"tags":[7,9],"class_list":["post-14629","post","type-post","status-publish","format-standard","hentry","category-accionlegislativa","tag-depto-las-colonias","tag-educacion"],"acf":[],"_links":{"self":[{"href":"https:\/\/rubenpirola.com\/nuevo\/wp-json\/wp\/v2\/posts\/14629","targetHints":{"allow":["GET"]}}],"collection":[{"href":"https:\/\/rubenpirola.com\/nuevo\/wp-json\/wp\/v2\/posts"}],"about":[{"href":"https:\/\/rubenpirola.com\/nuevo\/wp-json\/wp\/v2\/types\/post"}],"author":[{"embeddable":true,"href":"https:\/\/rubenpirola.com\/nuevo\/wp-json\/wp\/v2\/users\/1"}],"replies":[{"embeddable":true,"href":"https:\/\/rubenpirola.com\/nuevo\/wp-json\/wp\/v2\/comments?post=14629"}],"version-history":[{"count":0,"href":"https:\/\/rubenpirola.com\/nuevo\/wp-json\/wp\/v2\/posts\/14629\/revisions"}],"wp:attachment":[{"href":"https:\/\/rubenpirola.com\/nuevo\/wp-json\/wp\/v2\/media?parent=14629"}],"wp:term":[{"taxonomy":"category","embeddable":true,"href":"https:\/\/rubenpirola.com\/nuevo\/wp-json\/wp\/v2\/categories?post=14629"},{"taxonomy":"post_tag","embeddable":true,"href":"https:\/\/rubenpirola.com\/nuevo\/wp-json\/wp\/v2\/tags?post=14629"}],"curies":[{"name":"wp","href":"https:\/\/api.w.org\/{rel}","templated":true}]}}