{"id":15246,"date":"2024-07-25T05:56:34","date_gmt":"2024-07-25T08:56:34","guid":{"rendered":"https:\/\/rubenpirola.com\/nuevo\/?p=15246"},"modified":"2024-07-25T05:56:34","modified_gmt":"2024-07-25T08:56:34","slug":"juntos-y-en-positivo-en-fecol-expodema-2024","status":"publish","type":"post","link":"https:\/\/rubenpirola.com\/nuevo\/juntos-y-en-positivo-en-fecol-expodema-2024\/","title":{"rendered":"\u201cJuntos y en Positivo\u201d  en  Fecol + Expodema 2024."},"content":{"rendered":"<p><span style=\"font-weight: 400;\">Con esta nueva acci\u00f3n, consolidamos\u00a0 y evolucionamos\u00a0 nuestro compromiso con el desarrollo productivo de Las Colonias y su apoyo constante a las iniciativas que promueven el crecimiento y la generaci\u00f3n de empleo en la regi\u00f3n.<\/span><span style=\"font-weight: 400;\"><br \/>\n<\/span><span style=\"font-weight: 400;\"><br \/>\n<\/span><span style=\"font-weight: 400;\">Hace un tiempo ya, dimos otro salto de calidad innovador para el cargo, creando el programa Juntos y en Positivo para sistematizar el acompa\u00f1amiento de los intereses de quienes organizan eventos relacionados a la producci\u00f3n, elevando y resignificando nuevamente el concepto de representaci\u00f3n.<\/span><span style=\"font-weight: 400;\"><br \/>\n<\/span><span style=\"font-weight: 400;\"><br \/>\n<\/span><span style=\"font-weight: 400;\">As\u00ed, con la idea de sumar acciones tangibles al desarrollo productivo de quienes generan trabajo creamos Juntos y en Positivo, un programa que se convirti\u00f3 en una poderosa herramienta que permite a quienes trabajan en Las Colonias expandir su propuesta de valor. Que en esta oportunidad se materializa una vez m\u00e1s en esta edici\u00f3n de Fecol + Expodema 2024 permiti\u00e9ndole participar a empresas y emprendedores de Las Colonias que, de otra manera se ver\u00edan imposibilitados de visibilizar su trabajo en este importante evento, al que siempre acompa\u00f1\u00e9 y sigo acompa\u00f1ando sumando recursos para su realizaci\u00f3n en tiempos en que la colaboraci\u00f3n entre lo p\u00fablico y lo privado es fundamental.<\/span><\/p>\n","protected":false},"excerpt":{"rendered":"<p>Con esta nueva acci\u00f3n, consolidamos\u00a0 y evolucionamos\u00a0 nuestro compromiso con el desarrollo productivo de Las Colonias y su apoyo constante&nbsp;<\/p>\n","protected":false},"author":1,"featured_media":15247,"comment_status":"open","ping_status":"open","sticky":false,"template":"","format":"standard","meta":{"_acf_changed":false,"_joinchat":[],"footnotes":""},"categories":[2],"tags":[],"class_list":["post-15246","post","type-post","status-publish","format-standard","has-post-thumbnail","hentry","category-novedades"],"acf":[],"_links":{"self":[{"href":"https:\/\/rubenpirola.com\/nuevo\/wp-json\/wp\/v2\/posts\/15246","targetHints":{"allow":["GET"]}}],"collection":[{"href":"https:\/\/rubenpirola.com\/nuevo\/wp-json\/wp\/v2\/posts"}],"about":[{"href":"https:\/\/rubenpirola.com\/nuevo\/wp-json\/wp\/v2\/types\/post"}],"author":[{"embeddable":true,"href":"https:\/\/rubenpirola.com\/nuevo\/wp-json\/wp\/v2\/users\/1"}],"replies":[{"embeddable":true,"href":"https:\/\/rubenpirola.com\/nuevo\/wp-json\/wp\/v2\/comments?post=15246"}],"version-history":[{"count":1,"href":"https:\/\/rubenpirola.com\/nuevo\/wp-json\/wp\/v2\/posts\/15246\/revisions"}],"predecessor-version":[{"id":15248,"href":"https:\/\/rubenpirola.com\/nuevo\/wp-json\/wp\/v2\/posts\/15246\/revisions\/15248"}],"wp:featuredmedia":[{"embeddable":true,"href":"https:\/\/rubenpirola.com\/nuevo\/wp-json\/wp\/v2\/media\/15247"}],"wp:attachment":[{"href":"https:\/\/rubenpirola.com\/nuevo\/wp-json\/wp\/v2\/media?parent=15246"}],"wp:term":[{"taxonomy":"category","embeddable":true,"href":"https:\/\/rubenpirola.com\/nuevo\/wp-json\/wp\/v2\/categories?post=15246"},{"taxonomy":"post_tag","embeddable":true,"href":"https:\/\/rubenpirola.com\/nuevo\/wp-json\/wp\/v2\/tags?post=15246"}],"curies":[{"name":"wp","href":"https:\/\/api.w.org\/{rel}","templated":true}]}}