{"id":15266,"date":"2024-08-14T23:30:37","date_gmt":"2024-08-15T02:30:37","guid":{"rendered":"https:\/\/rubenpirola.com\/nuevo\/?p=15266"},"modified":"2024-08-14T23:30:40","modified_gmt":"2024-08-15T02:30:40","slug":"un-trabajo-y-una-actitud-positiva-consistente-generaron-este-carino-y-confianza-mutua-con-quienes-hacen-desde-las-instituciones","status":"publish","type":"post","link":"https:\/\/rubenpirola.com\/nuevo\/un-trabajo-y-una-actitud-positiva-consistente-generaron-este-carino-y-confianza-mutua-con-quienes-hacen-desde-las-instituciones\/","title":{"rendered":"\u00abUn trabajo y una actitud positiva consistente generaron este cari\u00f1o y confianza mutua con quienes hacen desde las instituciones\u00bb"},"content":{"rendered":"<p><span style=\"font-weight: 400;\">Nuestro trabajo con las instituciones de la sociedad civil en Las Colonias, desde el primer d\u00eda, ha estado marcado por la cercan\u00eda y una atenci\u00f3n constante a las expectativas de quienes impulsan el desarrollo comunitario. <\/span><span style=\"font-weight: 400;\"><br \/>\n<\/span><span style=\"font-weight: 400;\"><br \/>\n<\/span><span style=\"font-weight: 400;\">Esta presencia activa y esfuerzo compartido han forjado una confianza profunda cimentada en un compromiso genuino que se comprueba a trav\u00e9s de los a\u00f1os.<\/span><span style=\"font-weight: 400;\"><br \/>\n<\/span><span style=\"font-weight: 400;\"><br \/>\n<\/span><span style=\"font-weight: 400;\">En este marco tuve presencia activa en diferentes localidades.<\/span><span style=\"font-weight: 400;\"><br \/>\n<\/span><b><br \/>\n<\/b><b>En La Pelada<\/b><span style=\"font-weight: 400;\"><br \/>\n<\/span><span style=\"font-weight: 400;\">Junto al presidente comunal C\u00e9sar Mathey, fortalecimos\u00a0 la infraestructura del Jard\u00edn de Infantes N\u00ba 145 \u201cAlejandro Dami\u00e1n Barengo\u201d, conscientes\u00a0 de la importancia de tener un entorno educativo adecuado desde los primeros a\u00f1os.<\/span><\/p>\n<p><b>Nuevo Torino: Apoyo a la Seguridad y la Cultura<\/b><b><br \/>\n<\/b><span style=\"font-weight: 400;\">Con<\/span> <span style=\"font-weight: 400;\">Juan Carlos Imsteyf y la Comisi\u00f3n Cooperadora Policial dialogamos sobre las necesidades del destacamento local, mientras que la visita a la Biblioteca Popular reafirm\u00f3 mi compromiso con las obras culturales en desarrollo.<\/span><\/p>\n<p><b>Empalme San Carlos: Espacios P\u00fablicos y Religiosos<\/b><b><br \/>\n<\/b><span style=\"font-weight: 400;\">Junto a Hugo Heinzen, recorrimos\u00a0 la obra de la plaza central y se brind\u00f3 apoyo a la puesta en valor de la Capilla Santa Teresa.<\/span><\/p>\n<p><b>San Carlos Centro y San Carlos Norte: Educaci\u00f3n y Desarrollo Comunitario<\/b><b><br \/>\n<\/b><span style=\"font-weight: 400;\">En San Carlos Centro, en esta oportunidad centr\u00e9 mi acompa\u00f1amiento en la labor de la Escuela Especial 2024 \u201cLina Beck Bernard\u201d, el EMPA 1030 y el Jard\u00edn 254 \u201cMaestras Bonetti\u201d. <\/span><span style=\"font-weight: 400;\"><br \/>\n<\/span><span style=\"font-weight: 400;\"><br \/>\n<\/span><span style=\"font-weight: 400;\">En San Carlos Norte, el compromiso se extendi\u00f3 a instituciones como el Club Sportivo Norte y la ESSO N\u00ba 530, subrayando el enfoque en el desarrollo integral de la comunidad.<\/span><span style=\"font-weight: 400;\"><br \/>\n<\/span><span style=\"font-weight: 400;\"><br \/>\n<\/span><i><span style=\"font-weight: 400;\">\u201cEstas visitas reflejan la continuidad de una actitud proactiva y colaborativa en beneficio de todos los ciudadanos de Las Colonias consolidando la confianza que, construida a lo largo del tiempo, asegura la continuidad de un trabajo en positivo que nutre la necesaria transformaci\u00f3n de la cultura pol\u00edtica, propuesta desde el primer d\u00eda y que debo decir encuentra en la enorme mayor\u00eda de los gobiernos locales una respuesta favorable\u201d<\/span><\/i><\/p>\n<div id=\"lightgallery\" class=\"single-gallery\"><div class=\"gallery-item\" data-responsive=\"https:\/\/rubenpirola.com\/nuevo\/wp-content\/uploads\/2024\/08\/1-300x233.jpeg 375, https:\/\/rubenpirola.com\/nuevo\/wp-content\/uploads\/2024\/08\/1-300x233.jpeg 480, https:\/\/rubenpirola.com\/nuevo\/wp-content\/uploads\/2024\/08\/1-300x233.jpeg 800\" data-src=\"https:\/\/rubenpirola.com\/nuevo\/wp-content\/uploads\/2024\/08\/1-768x576.jpeg\" data-sub-html=\"<h4>\u00abUn trabajo y una actitud positiva consistente generaron este cari\u00f1o y confianza mutua con quienes hacen desde las instituciones\u00bb<\/h4>\"><a href=\"\" class=\"gallery-item-link relative mb-0\"><img decoding=\"async\" class=\"img-responsive\" src=\"https:\/\/rubenpirola.com\/nuevo\/wp-content\/uploads\/2024\/08\/1-300x233.jpeg\"><div class=\"over fs32\"><i class=\"fa fa-search c-white\"><\/i><\/div><\/a><\/div><div class=\"gallery-item\" data-responsive=\"https:\/\/rubenpirola.com\/nuevo\/wp-content\/uploads\/2024\/08\/2-300x202.jpeg 375, https:\/\/rubenpirola.com\/nuevo\/wp-content\/uploads\/2024\/08\/2-300x202.jpeg 480, https:\/\/rubenpirola.com\/nuevo\/wp-content\/uploads\/2024\/08\/2-300x202.jpeg 800\" data-src=\"https:\/\/rubenpirola.com\/nuevo\/wp-content\/uploads\/2024\/08\/2-768x576.jpeg\" data-sub-html=\"<h4>\u00abUn trabajo y una actitud positiva consistente generaron este cari\u00f1o y confianza mutua con quienes hacen desde las instituciones\u00bb<\/h4>\"><a href=\"\" class=\"gallery-item-link relative mb-0\"><img decoding=\"async\" class=\"img-responsive\" src=\"https:\/\/rubenpirola.com\/nuevo\/wp-content\/uploads\/2024\/08\/2-300x202.jpeg\"><div class=\"over fs32\"><i class=\"fa fa-search c-white\"><\/i><\/div><\/a><\/div><div class=\"gallery-item\" data-responsive=\"https:\/\/rubenpirola.com\/nuevo\/wp-content\/uploads\/2024\/08\/3-300x221.jpeg 375, https:\/\/rubenpirola.com\/nuevo\/wp-content\/uploads\/2024\/08\/3-300x221.jpeg 480, https:\/\/rubenpirola.com\/nuevo\/wp-content\/uploads\/2024\/08\/3-300x221.jpeg 800\" data-src=\"https:\/\/rubenpirola.com\/nuevo\/wp-content\/uploads\/2024\/08\/3-768x576.jpeg\" data-sub-html=\"<h4>\u00abUn trabajo y una actitud positiva consistente generaron este cari\u00f1o y confianza mutua con quienes hacen desde las instituciones\u00bb<\/h4>\"><a href=\"\" class=\"gallery-item-link relative mb-0\"><img decoding=\"async\" class=\"img-responsive\" src=\"https:\/\/rubenpirola.com\/nuevo\/wp-content\/uploads\/2024\/08\/3-300x221.jpeg\"><div class=\"over fs32\"><i class=\"fa fa-search c-white\"><\/i><\/div><\/a><\/div><div class=\"gallery-item\" data-responsive=\"https:\/\/rubenpirola.com\/nuevo\/wp-content\/uploads\/2024\/08\/4-300x200.jpeg 375, https:\/\/rubenpirola.com\/nuevo\/wp-content\/uploads\/2024\/08\/4-300x200.jpeg 480, https:\/\/rubenpirola.com\/nuevo\/wp-content\/uploads\/2024\/08\/4-300x200.jpeg 800\" data-src=\"https:\/\/rubenpirola.com\/nuevo\/wp-content\/uploads\/2024\/08\/4-768x576.jpeg\" data-sub-html=\"<h4>\u00abUn trabajo y una actitud positiva consistente generaron este cari\u00f1o y confianza mutua con quienes hacen desde las instituciones\u00bb<\/h4>\"><a href=\"\" class=\"gallery-item-link relative mb-0\"><img decoding=\"async\" class=\"img-responsive\" src=\"https:\/\/rubenpirola.com\/nuevo\/wp-content\/uploads\/2024\/08\/4-300x200.jpeg\"><div class=\"over fs32\"><i class=\"fa fa-search c-white\"><\/i><\/div><\/a><\/div><div class=\"gallery-item\" data-responsive=\"https:\/\/rubenpirola.com\/nuevo\/wp-content\/uploads\/2024\/08\/5-300x242.jpeg 375, https:\/\/rubenpirola.com\/nuevo\/wp-content\/uploads\/2024\/08\/5-300x242.jpeg 480, https:\/\/rubenpirola.com\/nuevo\/wp-content\/uploads\/2024\/08\/5-300x242.jpeg 800\" data-src=\"https:\/\/rubenpirola.com\/nuevo\/wp-content\/uploads\/2024\/08\/5-768x576.jpeg\" data-sub-html=\"<h4>\u00abUn trabajo y una actitud positiva consistente generaron este cari\u00f1o y confianza mutua con quienes hacen desde las instituciones\u00bb<\/h4>\"><a href=\"\" class=\"gallery-item-link relative mb-0\"><img decoding=\"async\" class=\"img-responsive\" src=\"https:\/\/rubenpirola.com\/nuevo\/wp-content\/uploads\/2024\/08\/5-300x242.jpeg\"><div class=\"over fs32\"><i class=\"fa fa-search c-white\"><\/i><\/div><\/a><\/div><div class=\"gallery-item\" data-responsive=\"https:\/\/rubenpirola.com\/nuevo\/wp-content\/uploads\/2024\/08\/6-300x169.jpeg 375, https:\/\/rubenpirola.com\/nuevo\/wp-content\/uploads\/2024\/08\/6-300x169.jpeg 480, https:\/\/rubenpirola.com\/nuevo\/wp-content\/uploads\/2024\/08\/6-300x169.jpeg 800\" data-src=\"https:\/\/rubenpirola.com\/nuevo\/wp-content\/uploads\/2024\/08\/6-768x576.jpeg\" data-sub-html=\"<h4>\u00abUn trabajo y una actitud positiva consistente generaron este cari\u00f1o y confianza mutua con quienes hacen desde las instituciones\u00bb<\/h4>\"><a href=\"\" class=\"gallery-item-link relative mb-0\"><img decoding=\"async\" class=\"img-responsive\" src=\"https:\/\/rubenpirola.com\/nuevo\/wp-content\/uploads\/2024\/08\/6-300x169.jpeg\"><div class=\"over fs32\"><i class=\"fa fa-search c-white\"><\/i><\/div><\/a><\/div><div class=\"gallery-item\" data-responsive=\"https:\/\/rubenpirola.com\/nuevo\/wp-content\/uploads\/2024\/08\/7-300x169.jpeg 375, https:\/\/rubenpirola.com\/nuevo\/wp-content\/uploads\/2024\/08\/7-300x169.jpeg 480, https:\/\/rubenpirola.com\/nuevo\/wp-content\/uploads\/2024\/08\/7-300x169.jpeg 800\" data-src=\"https:\/\/rubenpirola.com\/nuevo\/wp-content\/uploads\/2024\/08\/7-768x576.jpeg\" data-sub-html=\"<h4>\u00abUn trabajo y una actitud positiva consistente generaron este cari\u00f1o y confianza mutua con quienes hacen desde las instituciones\u00bb<\/h4>\"><a href=\"\" class=\"gallery-item-link relative mb-0\"><img decoding=\"async\" class=\"img-responsive\" src=\"https:\/\/rubenpirola.com\/nuevo\/wp-content\/uploads\/2024\/08\/7-300x169.jpeg\"><div class=\"over fs32\"><i class=\"fa fa-search c-white\"><\/i><\/div><\/a><\/div><\/div>\n","protected":false},"excerpt":{"rendered":"<p>Nuestro trabajo con las instituciones de la sociedad civil en Las Colonias, desde el primer d\u00eda, ha estado marcado por&nbsp;<\/p>\n","protected":false},"author":1,"featured_media":15270,"comment_status":"open","ping_status":"open","sticky":false,"template":"","format":"standard","meta":{"_acf_changed":false,"_joinchat":[],"footnotes":""},"categories":[2],"tags":[],"class_list":["post-15266","post","type-post","status-publish","format-standard","has-post-thumbnail","hentry","category-novedades"],"acf":[],"_links":{"self":[{"href":"https:\/\/rubenpirola.com\/nuevo\/wp-json\/wp\/v2\/posts\/15266","targetHints":{"allow":["GET"]}}],"collection":[{"href":"https:\/\/rubenpirola.com\/nuevo\/wp-json\/wp\/v2\/posts"}],"about":[{"href":"https:\/\/rubenpirola.com\/nuevo\/wp-json\/wp\/v2\/types\/post"}],"author":[{"embeddable":true,"href":"https:\/\/rubenpirola.com\/nuevo\/wp-json\/wp\/v2\/users\/1"}],"replies":[{"embeddable":true,"href":"https:\/\/rubenpirola.com\/nuevo\/wp-json\/wp\/v2\/comments?post=15266"}],"version-history":[{"count":1,"href":"https:\/\/rubenpirola.com\/nuevo\/wp-json\/wp\/v2\/posts\/15266\/revisions"}],"predecessor-version":[{"id":15274,"href":"https:\/\/rubenpirola.com\/nuevo\/wp-json\/wp\/v2\/posts\/15266\/revisions\/15274"}],"wp:featuredmedia":[{"embeddable":true,"href":"https:\/\/rubenpirola.com\/nuevo\/wp-json\/wp\/v2\/media\/15270"}],"wp:attachment":[{"href":"https:\/\/rubenpirola.com\/nuevo\/wp-json\/wp\/v2\/media?parent=15266"}],"wp:term":[{"taxonomy":"category","embeddable":true,"href":"https:\/\/rubenpirola.com\/nuevo\/wp-json\/wp\/v2\/categories?post=15266"},{"taxonomy":"post_tag","embeddable":true,"href":"https:\/\/rubenpirola.com\/nuevo\/wp-json\/wp\/v2\/tags?post=15266"}],"curies":[{"name":"wp","href":"https:\/\/api.w.org\/{rel}","templated":true}]}}