{"id":15427,"date":"2024-11-19T23:21:51","date_gmt":"2024-11-20T02:21:51","guid":{"rendered":"https:\/\/rubenpirola.com\/nuevo\/?p=15427"},"modified":"2024-11-19T23:23:23","modified_gmt":"2024-11-20T02:23:23","slug":"santa-clara-sa-pereira-y-pilar-trabajo-en-equipo-para-fortalecer-comunidades","status":"publish","type":"post","link":"https:\/\/rubenpirola.com\/nuevo\/santa-clara-sa-pereira-y-pilar-trabajo-en-equipo-para-fortalecer-comunidades\/","title":{"rendered":"Santa Clara, Sa Pereira y Pilar: Trabajo en equipo para fortalecer comunidades"},"content":{"rendered":"<div class=\"flex max-w-full flex-col flex-grow\">\n<div class=\"min-h-8 text-message flex w-full flex-col items-end gap-2 whitespace-normal break-words [.text-message+&amp;]:mt-5\" dir=\"auto\" data-message-author-role=\"assistant\" data-message-id=\"8adf4d10-ef28-47fd-8a8e-339366b29d72\" data-message-model-slug=\"gpt-4o\">\n<div class=\"flex w-full flex-col gap-1 empty:hidden first:pt-[3px]\">\n<div class=\"markdown prose w-full break-words dark:prose-invert light\">\n<p>El progreso de nuestras comunidades se construye junto a quienes trabajan todos los d\u00edas por su desarrollo. En Santa Clara de Buena Vista, Sa Pereira y Pilar, llevamos adelante actividades que refuerzan el papel clave de las instituciones locales, esas que forman el coraz\u00f3n de cada localidad.<\/p>\n<p><strong>Santa Clara de Buena Vista<br \/>\n<\/strong>En Santa Clara, junto al presidente comunal Juan Manuel Caudana, acompa\u00f1amos eventos que fortalecen el tejido social, como la Fiesta Provincial del Motociclismo, y respaldamos mejoras en la pileta comunal, un espacio fundamental para el disfrute de las familias. Tambi\u00e9n estuvimos en la Escuela Especial para Adultos y la Escuela de Campo Colla, instituciones que inspiran con su compromiso con la educaci\u00f3n y la inclusi\u00f3n.<\/p>\n<p><strong>Sa Pereira<br \/>\n<\/strong>En Sa Pereira, el trabajo estuvo centrado en fortalecer espacios fundamentales como el Centro de Jubilados, la Sociedad Italiana y el Jard\u00edn Maternal Comunal, verdaderos pilares de la comunidad. Adem\u00e1s, la Biblioteca Popular y la escuela rural N\u00ba 574 formaron parte de este recorrido, poniendo en valor el esfuerzo compartido que impulsa un futuro mejor.<\/p>\n<p><strong>Pilar<br \/>\n<\/strong>En Pilar, junto al presidente comunal Carlos Mart\u00ednez, las actividades resaltaron el valor del deporte y la espiritualidad. El Torneo Infantil de F\u00fatbol \u201cGuillermito\u201d convoc\u00f3 a familias enteras, mientras que el grupo religioso Brocherano mostr\u00f3 c\u00f3mo la fe puede unir a una comunidad.<\/p>\n<p><strong>Cercan\u00eda y acci\u00f3n concreta<br \/>\n<\/strong>Estas actividades reflejan el compromiso que nos gu\u00eda: trabajar desde la cercan\u00eda, conocer las necesidades de cada localidad y transformar esas necesidades en acciones concretas. El equipo, con la representaci\u00f3n de Alejandra Van Strate, llev\u00f3 adelante cada uno de estos encuentros, reforzando nuestra manera de hacer: juntos, con resultados reales y en positivo.<\/p>\n<p>Estamos convencidos de que, con esfuerzo compartido, cada localidad puede crecer y prosperar. Seguimos sumando para construir un presente s\u00f3lido y un futuro lleno de oportunidades para todos los rincones del departamento. Siempre cerca, siempre en positivo.<\/p>\n<\/div>\n<\/div>\n<\/div>\n<\/div>\n<div class=\"mb-2 flex gap-3 empty:hidden -ml-2\">\n<div class=\"items-center justify-start rounded-xl p-1 z-10 -mt-1 bg-token-main-surface-primary md:absolute flex\">\n<div class=\"flex items-center\">\n<p>&nbsp;<\/p>\n<div class=\"flex\">\n<div id=\"lightgallery\" class=\"single-gallery\"><div class=\"gallery-item\" data-responsive=\"https:\/\/rubenpirola.com\/nuevo\/wp-content\/uploads\/2024\/11\/parte1-1-300x190.jpeg 375, https:\/\/rubenpirola.com\/nuevo\/wp-content\/uploads\/2024\/11\/parte1-1-300x190.jpeg 480, https:\/\/rubenpirola.com\/nuevo\/wp-content\/uploads\/2024\/11\/parte1-1-300x190.jpeg 800\" data-src=\"https:\/\/rubenpirola.com\/nuevo\/wp-content\/uploads\/2024\/11\/parte1-1-768x576.jpeg\" data-sub-html=\"<h4>Santa Clara, Sa Pereira y Pilar: Trabajo en equipo para fortalecer comunidades<\/h4>\"><a href=\"\" class=\"gallery-item-link relative mb-0\"><img decoding=\"async\" class=\"img-responsive\" src=\"https:\/\/rubenpirola.com\/nuevo\/wp-content\/uploads\/2024\/11\/parte1-1-300x190.jpeg\"><div class=\"over fs32\"><i class=\"fa fa-search c-white\"><\/i><\/div><\/a><\/div><div class=\"gallery-item\" data-responsive=\"https:\/\/rubenpirola.com\/nuevo\/wp-content\/uploads\/2024\/11\/parte1-2-300x225.jpeg 375, https:\/\/rubenpirola.com\/nuevo\/wp-content\/uploads\/2024\/11\/parte1-2-300x225.jpeg 480, https:\/\/rubenpirola.com\/nuevo\/wp-content\/uploads\/2024\/11\/parte1-2-300x225.jpeg 800\" data-src=\"https:\/\/rubenpirola.com\/nuevo\/wp-content\/uploads\/2024\/11\/parte1-2-768x576.jpeg\" data-sub-html=\"<h4>Santa Clara, Sa Pereira y Pilar: Trabajo en equipo para fortalecer comunidades<\/h4>\"><a href=\"\" class=\"gallery-item-link relative mb-0\"><img decoding=\"async\" class=\"img-responsive\" src=\"https:\/\/rubenpirola.com\/nuevo\/wp-content\/uploads\/2024\/11\/parte1-2-300x225.jpeg\"><div class=\"over fs32\"><i class=\"fa fa-search c-white\"><\/i><\/div><\/a><\/div><div class=\"gallery-item\" data-responsive=\"https:\/\/rubenpirola.com\/nuevo\/wp-content\/uploads\/2024\/11\/parte1-3-300x225.jpeg 375, https:\/\/rubenpirola.com\/nuevo\/wp-content\/uploads\/2024\/11\/parte1-3-300x225.jpeg 480, https:\/\/rubenpirola.com\/nuevo\/wp-content\/uploads\/2024\/11\/parte1-3-300x225.jpeg 800\" data-src=\"https:\/\/rubenpirola.com\/nuevo\/wp-content\/uploads\/2024\/11\/parte1-3-768x576.jpeg\" data-sub-html=\"<h4>Santa Clara, Sa Pereira y Pilar: Trabajo en equipo para fortalecer comunidades<\/h4>\"><a href=\"\" class=\"gallery-item-link relative mb-0\"><img decoding=\"async\" class=\"img-responsive\" src=\"https:\/\/rubenpirola.com\/nuevo\/wp-content\/uploads\/2024\/11\/parte1-3-300x225.jpeg\"><div class=\"over fs32\"><i class=\"fa fa-search c-white\"><\/i><\/div><\/a><\/div><div class=\"gallery-item\" data-responsive=\"https:\/\/rubenpirola.com\/nuevo\/wp-content\/uploads\/2024\/11\/parte1-4-300x223.jpeg 375, https:\/\/rubenpirola.com\/nuevo\/wp-content\/uploads\/2024\/11\/parte1-4-300x223.jpeg 480, https:\/\/rubenpirola.com\/nuevo\/wp-content\/uploads\/2024\/11\/parte1-4-300x223.jpeg 800\" data-src=\"https:\/\/rubenpirola.com\/nuevo\/wp-content\/uploads\/2024\/11\/parte1-4-768x576.jpeg\" data-sub-html=\"<h4>Santa Clara, Sa Pereira y Pilar: Trabajo en equipo para fortalecer comunidades<\/h4>\"><a href=\"\" class=\"gallery-item-link relative mb-0\"><img decoding=\"async\" class=\"img-responsive\" src=\"https:\/\/rubenpirola.com\/nuevo\/wp-content\/uploads\/2024\/11\/parte1-4-300x223.jpeg\"><div class=\"over fs32\"><i class=\"fa fa-search c-white\"><\/i><\/div><\/a><\/div><div class=\"gallery-item\" data-responsive=\"https:\/\/rubenpirola.com\/nuevo\/wp-content\/uploads\/2024\/11\/parte1-5-300x200.jpeg 375, https:\/\/rubenpirola.com\/nuevo\/wp-content\/uploads\/2024\/11\/parte1-5-300x200.jpeg 480, https:\/\/rubenpirola.com\/nuevo\/wp-content\/uploads\/2024\/11\/parte1-5-300x200.jpeg 800\" data-src=\"https:\/\/rubenpirola.com\/nuevo\/wp-content\/uploads\/2024\/11\/parte1-5-768x576.jpeg\" data-sub-html=\"<h4>Santa Clara, Sa Pereira y Pilar: Trabajo en equipo para fortalecer comunidades<\/h4>\"><a href=\"\" class=\"gallery-item-link relative mb-0\"><img decoding=\"async\" class=\"img-responsive\" src=\"https:\/\/rubenpirola.com\/nuevo\/wp-content\/uploads\/2024\/11\/parte1-5-300x200.jpeg\"><div class=\"over fs32\"><i class=\"fa fa-search c-white\"><\/i><\/div><\/a><\/div><\/div>\n<\/div>\n<div class=\"flex items-center pb-0\"><\/div>\n<\/div>\n<\/div>\n<\/div>\n","protected":false},"excerpt":{"rendered":"<p>El progreso de nuestras comunidades se construye junto a quienes trabajan todos los d\u00edas por su desarrollo. En Santa Clara&nbsp;<\/p>\n","protected":false},"author":1,"featured_media":15428,"comment_status":"open","ping_status":"open","sticky":false,"template":"","format":"standard","meta":{"_acf_changed":false,"_joinchat":[],"footnotes":""},"categories":[2],"tags":[],"class_list":["post-15427","post","type-post","status-publish","format-standard","has-post-thumbnail","hentry","category-novedades"],"acf":[],"_links":{"self":[{"href":"https:\/\/rubenpirola.com\/nuevo\/wp-json\/wp\/v2\/posts\/15427","targetHints":{"allow":["GET"]}}],"collection":[{"href":"https:\/\/rubenpirola.com\/nuevo\/wp-json\/wp\/v2\/posts"}],"about":[{"href":"https:\/\/rubenpirola.com\/nuevo\/wp-json\/wp\/v2\/types\/post"}],"author":[{"embeddable":true,"href":"https:\/\/rubenpirola.com\/nuevo\/wp-json\/wp\/v2\/users\/1"}],"replies":[{"embeddable":true,"href":"https:\/\/rubenpirola.com\/nuevo\/wp-json\/wp\/v2\/comments?post=15427"}],"version-history":[{"count":2,"href":"https:\/\/rubenpirola.com\/nuevo\/wp-json\/wp\/v2\/posts\/15427\/revisions"}],"predecessor-version":[{"id":15434,"href":"https:\/\/rubenpirola.com\/nuevo\/wp-json\/wp\/v2\/posts\/15427\/revisions\/15434"}],"wp:featuredmedia":[{"embeddable":true,"href":"https:\/\/rubenpirola.com\/nuevo\/wp-json\/wp\/v2\/media\/15428"}],"wp:attachment":[{"href":"https:\/\/rubenpirola.com\/nuevo\/wp-json\/wp\/v2\/media?parent=15427"}],"wp:term":[{"taxonomy":"category","embeddable":true,"href":"https:\/\/rubenpirola.com\/nuevo\/wp-json\/wp\/v2\/categories?post=15427"},{"taxonomy":"post_tag","embeddable":true,"href":"https:\/\/rubenpirola.com\/nuevo\/wp-json\/wp\/v2\/tags?post=15427"}],"curies":[{"name":"wp","href":"https:\/\/api.w.org\/{rel}","templated":true}]}}