{"id":15550,"date":"2025-02-28T05:45:41","date_gmt":"2025-02-28T08:45:41","guid":{"rendered":"https:\/\/rubenpirola.com\/nuevo\/?p=15550"},"modified":"2025-02-28T06:41:26","modified_gmt":"2025-02-28T09:41:26","slug":"el-norte-no-basta-pido-una-cobertura-total-para-las-colonias","status":"publish","type":"post","link":"https:\/\/rubenpirola.com\/nuevo\/el-norte-no-basta-pido-una-cobertura-total-para-las-colonias\/","title":{"rendered":"El norte no basta: pido una cobertura total para Las Colonias"},"content":{"rendered":"<p>Les cuento que se ha aprobado mi proyecto que solicita prorrogar el plazo de vigencia de la declaraci\u00f3n de situaci\u00f3n de Emergencia y\/o Desastre Agropecuario para nuestro departamento Las Colonias.<\/p>\n<p>Sin embargo, la medida s\u00f3lo se extiende al sector norte, lo que deja fuera a muchas comunidades que tambi\u00e9n padecen la crisis productiva y econ\u00f3mica generada por las condiciones clim\u00e1ticas adversas acumuladas en los \u00faltimos a\u00f1os.<\/p>\n<p data-start=\"519\" data-end=\"968\">Si bien considero que es un paso fundamental para atender la situaci\u00f3n cr\u00edtica de una parte de nuestro departamento, no es suficiente. Mi objetivo es lograr que esta declaraci\u00f3n se extienda a todas las localidades de Las Colonias. He elevado reiteradas solicitudes con el prop\u00f3sito de que cada una sea reconocida en el marco de la emergencia agropecuaria, subrayando la urgencia de brindar respuestas al sector productivo y a las familias afectadas.<\/p>\n<p data-start=\"970\" data-end=\"1374\">Seguir\u00e9 insistiendo, porque la necesidad no se limita al norte; los problemas productivos, econ\u00f3micos y sociales impactan de manera m\u00e1s amplia y requieren la misma atenci\u00f3n y herramientas. Tengo la convicci\u00f3n de priorizar los intereses de la regi\u00f3n por encima de cualquier obst\u00e1culo y, como representante de Las Colonias ante el Ejecutivo provincial, mi compromiso es velar por cada uno de los distritos.<\/p>\n<p data-start=\"1376\" data-end=\"1681\" data-is-last-node=\"\" data-is-only-node=\"\">No voy a ceder hasta que se reconozca a todo el departamento en la emergencia, porque esta situaci\u00f3n afecta profundamente la econom\u00eda y la vida de nuestros vecinos. Seguir\u00e9 trabajando para que se adopten las medidas que verdaderamente correspondan y garanticen una cobertura total a quienes m\u00e1s lo necesitan.<\/p>\n<p><strong>Descarga:<br \/>\n<a href=\"https:\/\/rubenpirola.com\/nuevo\/wp-content\/uploads\/2025\/02\/Proyecto-comunicacion-Emergencia-Agropecuaria-Dpto-Las-Colonias.pdf\">Proyecto comunicaci\u00f3n Emergencia Agropecuaria Dpto Las Colonias<\/a><br \/>\n<\/strong><\/p>\n","protected":false},"excerpt":{"rendered":"<p>Les cuento que se ha aprobado mi proyecto que solicita prorrogar el plazo de vigencia de la declaraci\u00f3n de situaci\u00f3n&nbsp;<\/p>\n","protected":false},"author":1,"featured_media":15551,"comment_status":"open","ping_status":"open","sticky":false,"template":"","format":"standard","meta":{"_acf_changed":false,"_joinchat":[],"footnotes":""},"categories":[2],"tags":[],"class_list":["post-15550","post","type-post","status-publish","format-standard","has-post-thumbnail","hentry","category-novedades"],"acf":[],"_links":{"self":[{"href":"https:\/\/rubenpirola.com\/nuevo\/wp-json\/wp\/v2\/posts\/15550","targetHints":{"allow":["GET"]}}],"collection":[{"href":"https:\/\/rubenpirola.com\/nuevo\/wp-json\/wp\/v2\/posts"}],"about":[{"href":"https:\/\/rubenpirola.com\/nuevo\/wp-json\/wp\/v2\/types\/post"}],"author":[{"embeddable":true,"href":"https:\/\/rubenpirola.com\/nuevo\/wp-json\/wp\/v2\/users\/1"}],"replies":[{"embeddable":true,"href":"https:\/\/rubenpirola.com\/nuevo\/wp-json\/wp\/v2\/comments?post=15550"}],"version-history":[{"count":2,"href":"https:\/\/rubenpirola.com\/nuevo\/wp-json\/wp\/v2\/posts\/15550\/revisions"}],"predecessor-version":[{"id":15554,"href":"https:\/\/rubenpirola.com\/nuevo\/wp-json\/wp\/v2\/posts\/15550\/revisions\/15554"}],"wp:featuredmedia":[{"embeddable":true,"href":"https:\/\/rubenpirola.com\/nuevo\/wp-json\/wp\/v2\/media\/15551"}],"wp:attachment":[{"href":"https:\/\/rubenpirola.com\/nuevo\/wp-json\/wp\/v2\/media?parent=15550"}],"wp:term":[{"taxonomy":"category","embeddable":true,"href":"https:\/\/rubenpirola.com\/nuevo\/wp-json\/wp\/v2\/categories?post=15550"},{"taxonomy":"post_tag","embeddable":true,"href":"https:\/\/rubenpirola.com\/nuevo\/wp-json\/wp\/v2\/tags?post=15550"}],"curies":[{"name":"wp","href":"https:\/\/api.w.org\/{rel}","templated":true}]}}