{"id":15630,"date":"2025-04-22T14:06:42","date_gmt":"2025-04-22T17:06:42","guid":{"rendered":"https:\/\/rubenpirola.com\/nuevo\/?p=15630"},"modified":"2025-04-22T14:06:47","modified_gmt":"2025-04-22T17:06:47","slug":"estaremos-en-todolactea-2025-una-nueva-oportunidad-para-potenciar-lo-nuestro","status":"publish","type":"post","link":"https:\/\/rubenpirola.com\/nuevo\/estaremos-en-todolactea-2025-una-nueva-oportunidad-para-potenciar-lo-nuestro\/","title":{"rendered":"Estaremos en TodoL\u00e1ctea 2025: una nueva oportunidad para potenciar lo nuestro"},"content":{"rendered":"<p class=\"\" data-start=\"216\" data-end=\"530\">Con la misma convicci\u00f3n con la que impulsamos cada iniciativa que fortalece la identidad productiva de Las Colonias, quiero confirmarles que <em data-start=\"357\" data-end=\"379\">Juntos y en Positivo<\/em> ser\u00e1 parte de TodoL\u00e1ctea 2025, la exposici\u00f3n lechera m\u00e1s importante de Argentina y el Cono Sur, que se desarrollar\u00e1 del 13 al 15 de mayo en Esperanza.<\/p>\n<p class=\"\" data-start=\"532\" data-end=\"820\">Desde el primer d\u00eda, creamos <em data-start=\"561\" data-end=\"583\">Juntos y en Positivo<\/em> como una herramienta concreta para estar cerca, para sumar y para dar un nuevo sentido al trabajo legislativo: ese que no se queda en las palabras, sino que se transforma en acciones que acompa\u00f1an a quienes hacen, organizan y proyectan.<\/p>\n<p class=\"\" data-start=\"822\" data-end=\"1173\">Estar presentes en esta nueva edici\u00f3n de TodoL\u00e1ctea es, tambi\u00e9n, seguir apostando por ese camino. Un camino donde la articulaci\u00f3n con el sector privado nos permiti\u00f3 dar vida a propuestas como la Regi\u00f3n del Queso Azul de Santa Fe, una pol\u00edtica p\u00fablica que naci\u00f3 escuchando a nuestras pymes l\u00e1cteas y que hoy se destaca a nivel nacional e internacional.<\/p>\n<p class=\"\" data-start=\"1175\" data-end=\"1438\">As\u00ed reafirmamos lo que somos: una comunidad que produce, que innova y que no deja de crecer. Y desde <em data-start=\"1276\" data-end=\"1298\">Juntos y en Positivo<\/em>, vamos a seguir acompa\u00f1ando, visibilizando y proyectando todo ese potencial que nace en Las Colonias y se transforma en orgullo para todos.<\/p>\n","protected":false},"excerpt":{"rendered":"<p>Con la misma convicci\u00f3n con la que impulsamos cada iniciativa que fortalece la identidad productiva de Las Colonias, quiero confirmarles&nbsp;<\/p>\n","protected":false},"author":1,"featured_media":15631,"comment_status":"open","ping_status":"open","sticky":false,"template":"","format":"standard","meta":{"_acf_changed":false,"_joinchat":[],"footnotes":""},"categories":[2],"tags":[],"class_list":["post-15630","post","type-post","status-publish","format-standard","has-post-thumbnail","hentry","category-novedades"],"acf":[],"_links":{"self":[{"href":"https:\/\/rubenpirola.com\/nuevo\/wp-json\/wp\/v2\/posts\/15630","targetHints":{"allow":["GET"]}}],"collection":[{"href":"https:\/\/rubenpirola.com\/nuevo\/wp-json\/wp\/v2\/posts"}],"about":[{"href":"https:\/\/rubenpirola.com\/nuevo\/wp-json\/wp\/v2\/types\/post"}],"author":[{"embeddable":true,"href":"https:\/\/rubenpirola.com\/nuevo\/wp-json\/wp\/v2\/users\/1"}],"replies":[{"embeddable":true,"href":"https:\/\/rubenpirola.com\/nuevo\/wp-json\/wp\/v2\/comments?post=15630"}],"version-history":[{"count":1,"href":"https:\/\/rubenpirola.com\/nuevo\/wp-json\/wp\/v2\/posts\/15630\/revisions"}],"predecessor-version":[{"id":15632,"href":"https:\/\/rubenpirola.com\/nuevo\/wp-json\/wp\/v2\/posts\/15630\/revisions\/15632"}],"wp:featuredmedia":[{"embeddable":true,"href":"https:\/\/rubenpirola.com\/nuevo\/wp-json\/wp\/v2\/media\/15631"}],"wp:attachment":[{"href":"https:\/\/rubenpirola.com\/nuevo\/wp-json\/wp\/v2\/media?parent=15630"}],"wp:term":[{"taxonomy":"category","embeddable":true,"href":"https:\/\/rubenpirola.com\/nuevo\/wp-json\/wp\/v2\/categories?post=15630"},{"taxonomy":"post_tag","embeddable":true,"href":"https:\/\/rubenpirola.com\/nuevo\/wp-json\/wp\/v2\/tags?post=15630"}],"curies":[{"name":"wp","href":"https:\/\/api.w.org\/{rel}","templated":true}]}}