{"id":15654,"date":"2025-05-01T08:47:57","date_gmt":"2025-05-01T11:47:57","guid":{"rendered":"https:\/\/rubenpirola.com\/nuevo\/?p=15654"},"modified":"2025-05-01T08:47:57","modified_gmt":"2025-05-01T11:47:57","slug":"en-felicia-dimos-un-nuevo-y-gran-paso-en-salud-publica","status":"publish","type":"post","link":"https:\/\/rubenpirola.com\/nuevo\/en-felicia-dimos-un-nuevo-y-gran-paso-en-salud-publica\/","title":{"rendered":"En Felicia, dimos un nuevo y gran paso en salud p\u00fablica"},"content":{"rendered":"<p class=\"\" data-start=\"236\" data-end=\"388\">Particip\u00e9 del acto de licitaci\u00f3n de obras en el SAMCo de Felicia, un momento clave para una comunidad que viene so\u00f1ando con esta mejora desde hace a\u00f1os.<\/p>\n<p class=\"\" data-start=\"390\" data-end=\"743\">Lo que hoy comienza a hacerse realidad fue pensado en 2018 por el equipo de salud local. Desde entonces, acompa\u00f1\u00e9 cada paso, sin interrupciones, para que ese proyecto no se detuviera. Fue un camino atravesado por distintas gestiones provinciales, donde prevaleci\u00f3 el compromiso, el esfuerzo sostenido y una mirada que trasciende los colores partidarios.<\/p>\n<p class=\"\" data-start=\"745\" data-end=\"978\">Es una enorme alegr\u00eda ver que lo que se proyect\u00f3 con tanto compromiso empieza a tomar forma. Cada avance en descentralizar la salud p\u00fablica fortalece a nuestras comunidades y nos acerca a un modelo m\u00e1s justo, m\u00e1s humano, m\u00e1s cercano.<\/p>\n<p class=\"\" data-start=\"980\" data-end=\"1219\">S\u00e9 que la infraestructura es clave, pero tambi\u00e9n s\u00e9 que lo m\u00e1s valioso es el compromiso de quienes sostienen d\u00eda a d\u00eda la atenci\u00f3n en el territorio, con vocaci\u00f3n, sin des\u00e1nimo y con la mirada puesta en el bienestar de cada vecino y vecina.<\/p>\n<p class=\"\" data-start=\"1221\" data-end=\"1414\">Seguir\u00e9 impulsando acciones concretas que mejoren la calidad de vida en todas y cada una de las localidades de Las Colonias. Porque cuando los logros son compartidos, el progreso se multiplica.<\/p>\n","protected":false},"excerpt":{"rendered":"<p>Particip\u00e9 del acto de licitaci\u00f3n de obras en el SAMCo de Felicia, un momento clave para una comunidad que viene&nbsp;<\/p>\n","protected":false},"author":1,"featured_media":15655,"comment_status":"open","ping_status":"open","sticky":false,"template":"","format":"standard","meta":{"_acf_changed":false,"_joinchat":[],"footnotes":""},"categories":[2],"tags":[],"class_list":["post-15654","post","type-post","status-publish","format-standard","has-post-thumbnail","hentry","category-novedades"],"acf":[],"_links":{"self":[{"href":"https:\/\/rubenpirola.com\/nuevo\/wp-json\/wp\/v2\/posts\/15654","targetHints":{"allow":["GET"]}}],"collection":[{"href":"https:\/\/rubenpirola.com\/nuevo\/wp-json\/wp\/v2\/posts"}],"about":[{"href":"https:\/\/rubenpirola.com\/nuevo\/wp-json\/wp\/v2\/types\/post"}],"author":[{"embeddable":true,"href":"https:\/\/rubenpirola.com\/nuevo\/wp-json\/wp\/v2\/users\/1"}],"replies":[{"embeddable":true,"href":"https:\/\/rubenpirola.com\/nuevo\/wp-json\/wp\/v2\/comments?post=15654"}],"version-history":[{"count":1,"href":"https:\/\/rubenpirola.com\/nuevo\/wp-json\/wp\/v2\/posts\/15654\/revisions"}],"predecessor-version":[{"id":15656,"href":"https:\/\/rubenpirola.com\/nuevo\/wp-json\/wp\/v2\/posts\/15654\/revisions\/15656"}],"wp:featuredmedia":[{"embeddable":true,"href":"https:\/\/rubenpirola.com\/nuevo\/wp-json\/wp\/v2\/media\/15655"}],"wp:attachment":[{"href":"https:\/\/rubenpirola.com\/nuevo\/wp-json\/wp\/v2\/media?parent=15654"}],"wp:term":[{"taxonomy":"category","embeddable":true,"href":"https:\/\/rubenpirola.com\/nuevo\/wp-json\/wp\/v2\/categories?post=15654"},{"taxonomy":"post_tag","embeddable":true,"href":"https:\/\/rubenpirola.com\/nuevo\/wp-json\/wp\/v2\/tags?post=15654"}],"curies":[{"name":"wp","href":"https:\/\/api.w.org\/{rel}","templated":true}]}}