{"id":15659,"date":"2025-05-05T13:51:42","date_gmt":"2025-05-05T16:51:42","guid":{"rendered":"https:\/\/rubenpirola.com\/nuevo\/?p=15659"},"modified":"2025-05-05T13:51:47","modified_gmt":"2025-05-05T16:51:47","slug":"promesa-de-lealtad-a-la-constitucion-nacional","status":"publish","type":"post","link":"https:\/\/rubenpirola.com\/nuevo\/promesa-de-lealtad-a-la-constitucion-nacional\/","title":{"rendered":"Promesa de Lealtad a la Constituci\u00f3n Nacional"},"content":{"rendered":"<p>Recibir a los estudiantes de nuestras comunidades en el recinto de la C\u00e1mara de Senadores fue, una vez m\u00e1s, una experiencia profundamente inspiradora. Este a\u00f1o, alumnos de tercer a\u00f1o de San Carlos Centro, La Pelada, Santo Domingo y Providencia compartieron conmigo un momento que va mucho m\u00e1s all\u00e1 de lo escolar.<\/p>\n<p>La Promesa de Lealtad a la Constituci\u00f3n Nacional es una ceremonia establecida por ley para que las y los estudiantes del tercer a\u00f1o de la secundaria, en todo el pa\u00eds, asuman p\u00fablicamente el compromiso de respetar y defender los valores democr\u00e1ticos que nos unen como sociedad. Por eso, despu\u00e9s del encuentro en el recinto, fuimos juntos al Museo de la Constituci\u00f3n, donde realizaron la promesa ante nuestra Carta Magna, en el mismo lugar que rinde homenaje a su historia y esp\u00edritu fundacional.<\/p>\n<p>Conocer, valorar y prometer nuestra Constituci\u00f3n es reafirmar el compromiso con una Argentina m\u00e1s justa, democr\u00e1tica y solidaria. Y hacerlo desde Santa Fe, cuna de la Constituci\u00f3n, le da un sentido a\u00fan m\u00e1s profundo.<\/p>\n<p>Gracias a los docentes, directivos y, sobre todo, a los chicos y chicas que participaron con tanto respeto y entusiasmo:<\/p>\n<p>\ud83c\udfeb San Carlos Centro<br \/>\n* Escuela N\u00ba 213<br \/>\n* Escuela N\u00ba 631<br \/>\n* Colegio Coraz\u00f3n de Jes\u00fas<\/p>\n<p>\ud83c\udfeb La Pelada<br \/>\n* Escuela N\u00ba 357<\/p>\n<p>\ud83c\udfeb Santo Domingo<br \/>\n* Escuela N\u00ba 2047<\/p>\n<p>\ud83c\udfeb Providencia<br \/>\n* Escuela N\u00ba 8181<\/p>\n<p>Una jornada que fortalece valores, siembra ciudadan\u00eda y refuerza el orgullo de ser parte de Las Colonias.<\/p>\n<blockquote class=\"instagram-media\" style=\"background: #FFF; border: 0; border-radius: 3px; box-shadow: 0 0 1px 0 rgba(0,0,0,0.5),0 1px 10px 0 rgba(0,0,0,0.15); margin: 1px; max-width: 540px; min-width: 326px; padding: 0; width: calc(100% - 2px);\" data-instgrm-captioned=\"\" data-instgrm-permalink=\"https:\/\/www.instagram.com\/reel\/DJR2XYsgfcl\/?utm_source=ig_embed&amp;utm_campaign=loading\" data-instgrm-version=\"14\">\n<div style=\"padding: 16px;\">\n<p>&nbsp;<\/p>\n<div style=\"display: flex; flex-direction: row; align-items: center;\">\n<div style=\"background-color: #f4f4f4; border-radius: 50%; flex-grow: 0; height: 40px; margin-right: 14px; width: 40px;\"><\/div>\n<div style=\"display: flex; flex-direction: column; flex-grow: 1; justify-content: center;\">\n<div style=\"background-color: #f4f4f4; border-radius: 4px; flex-grow: 0; height: 14px; margin-bottom: 6px; width: 100px;\"><\/div>\n<div style=\"background-color: #f4f4f4; border-radius: 4px; flex-grow: 0; height: 14px; width: 60px;\"><\/div>\n<\/div>\n<\/div>\n<div style=\"padding: 19% 0;\"><\/div>\n<div style=\"display: block; height: 50px; margin: 0 auto 12px; width: 50px;\"><\/div>\n<div style=\"padding-top: 8px;\">\n<div style=\"color: #3897f0; font-family: Arial,sans-serif; font-size: 14px; font-style: normal; font-weight: 550; line-height: 18px;\">Ver esta publicaci\u00f3n en Instagram<\/div>\n<\/div>\n<div style=\"padding: 12.5% 0;\"><\/div>\n<div style=\"display: flex; flex-direction: row; margin-bottom: 14px; align-items: center;\">\n<div>\n<div style=\"background-color: #f4f4f4; border-radius: 50%; height: 12.5px; width: 12.5px; transform: translateX(0px) translateY(7px);\"><\/div>\n<div style=\"background-color: #f4f4f4; height: 12.5px; transform: rotate(-45deg) translateX(3px) translateY(1px); width: 12.5px; flex-grow: 0; margin-right: 14px; margin-left: 2px;\"><\/div>\n<div style=\"background-color: #f4f4f4; border-radius: 50%; height: 12.5px; width: 12.5px; transform: translateX(9px) translateY(-18px);\"><\/div>\n<\/div>\n<div style=\"margin-left: 8px;\">\n<div style=\"background-color: #f4f4f4; border-radius: 50%; flex-grow: 0; height: 20px; width: 20px;\"><\/div>\n<div style=\"width: 0; height: 0; border-top: 2px solid transparent; border-left: 6px solid #f4f4f4; border-bottom: 2px solid transparent; transform: translateX(16px) translateY(-4px) rotate(30deg);\"><\/div>\n<\/div>\n<div style=\"margin-left: auto;\">\n<div style=\"width: 0px; border-top: 8px solid #F4F4F4; border-right: 8px solid transparent; transform: translateY(16px);\"><\/div>\n<div style=\"background-color: #f4f4f4; flex-grow: 0; height: 12px; width: 16px; transform: translateY(-4px);\"><\/div>\n<div style=\"width: 0; height: 0; border-top: 8px solid #F4F4F4; border-left: 8px solid transparent; transform: translateY(-4px) translateX(8px);\"><\/div>\n<\/div>\n<\/div>\n<div style=\"display: flex; flex-direction: column; flex-grow: 1; justify-content: center; margin-bottom: 24px;\">\n<div style=\"background-color: #f4f4f4; border-radius: 4px; flex-grow: 0; height: 14px; margin-bottom: 6px; width: 224px;\"><\/div>\n<div style=\"background-color: #f4f4f4; border-radius: 4px; flex-grow: 0; height: 14px; width: 144px;\"><\/div>\n<\/div>\n<p>&nbsp;<\/p>\n<p style=\"color: #c9c8cd; font-family: Arial,sans-serif; font-size: 14px; line-height: 17px; margin-bottom: 0; margin-top: 8px; overflow: hidden; padding: 8px 0 7px; text-align: center; text-overflow: ellipsis; white-space: nowrap;\"><a style=\"color: #c9c8cd; font-family: Arial,sans-serif; font-size: 14px; font-style: normal; font-weight: normal; line-height: 17px; text-decoration: none;\" href=\"https:\/\/www.instagram.com\/reel\/DJR2XYsgfcl\/?utm_source=ig_embed&amp;utm_campaign=loading\" target=\"_blank\" rel=\"noopener\">Una publicaci\u00f3n compartida de Rub\u00e9n Pirola (@pirolaruben)<\/a><\/p>\n<\/div>\n<\/blockquote>\n<p><script async src=\"\/\/www.instagram.com\/embed.js\"><\/script><\/p>\n","protected":false},"excerpt":{"rendered":"<p>Recibir a los estudiantes de nuestras comunidades en el recinto de la C\u00e1mara de Senadores fue, una vez m\u00e1s, una&nbsp;<\/p>\n","protected":false},"author":1,"featured_media":15660,"comment_status":"open","ping_status":"open","sticky":false,"template":"","format":"standard","meta":{"_acf_changed":false,"_joinchat":[],"footnotes":""},"categories":[2],"tags":[],"class_list":["post-15659","post","type-post","status-publish","format-standard","has-post-thumbnail","hentry","category-novedades"],"acf":[],"_links":{"self":[{"href":"https:\/\/rubenpirola.com\/nuevo\/wp-json\/wp\/v2\/posts\/15659","targetHints":{"allow":["GET"]}}],"collection":[{"href":"https:\/\/rubenpirola.com\/nuevo\/wp-json\/wp\/v2\/posts"}],"about":[{"href":"https:\/\/rubenpirola.com\/nuevo\/wp-json\/wp\/v2\/types\/post"}],"author":[{"embeddable":true,"href":"https:\/\/rubenpirola.com\/nuevo\/wp-json\/wp\/v2\/users\/1"}],"replies":[{"embeddable":true,"href":"https:\/\/rubenpirola.com\/nuevo\/wp-json\/wp\/v2\/comments?post=15659"}],"version-history":[{"count":1,"href":"https:\/\/rubenpirola.com\/nuevo\/wp-json\/wp\/v2\/posts\/15659\/revisions"}],"predecessor-version":[{"id":15661,"href":"https:\/\/rubenpirola.com\/nuevo\/wp-json\/wp\/v2\/posts\/15659\/revisions\/15661"}],"wp:featuredmedia":[{"embeddable":true,"href":"https:\/\/rubenpirola.com\/nuevo\/wp-json\/wp\/v2\/media\/15660"}],"wp:attachment":[{"href":"https:\/\/rubenpirola.com\/nuevo\/wp-json\/wp\/v2\/media?parent=15659"}],"wp:term":[{"taxonomy":"category","embeddable":true,"href":"https:\/\/rubenpirola.com\/nuevo\/wp-json\/wp\/v2\/categories?post=15659"},{"taxonomy":"post_tag","embeddable":true,"href":"https:\/\/rubenpirola.com\/nuevo\/wp-json\/wp\/v2\/tags?post=15659"}],"curies":[{"name":"wp","href":"https:\/\/api.w.org\/{rel}","templated":true}]}}