{"id":15663,"date":"2025-05-09T06:03:45","date_gmt":"2025-05-09T09:03:45","guid":{"rendered":"https:\/\/rubenpirola.com\/nuevo\/?p=15663"},"modified":"2025-05-09T06:03:45","modified_gmt":"2025-05-09T09:03:45","slug":"comenzamos-a-transformar-conciencia-en-accion-asi-arranca-las-colonias-recicla-en-el-territorio","status":"publish","type":"post","link":"https:\/\/rubenpirola.com\/nuevo\/comenzamos-a-transformar-conciencia-en-accion-asi-arranca-las-colonias-recicla-en-el-territorio\/","title":{"rendered":"Comenzamos a transformar conciencia en acci\u00f3n: as\u00ed arranca Las Colonias Recicla en el territorio"},"content":{"rendered":"<p class=\"\" data-start=\"247\" data-end=\"476\">Con mucha alegr\u00eda, quiero contarles que ya est\u00e1 en marcha en el territorio el programa <strong data-start=\"334\" data-end=\"358\">Las Colonias Recicla<\/strong>, una iniciativa que impulsamos con el objetivo de cuidar el ambiente desde una mirada local, colaborativa y concreta.<\/p>\n<p class=\"\" data-start=\"478\" data-end=\"964\">Dimos los primeros pasos en <strong data-start=\"506\" data-end=\"518\">Humboldt<\/strong> y <strong data-start=\"521\" data-end=\"541\">San Carlos Norte<\/strong>, donde comenzamos a trabajar con instituciones educativas, los gobiernos locales y el sector privado para construir juntos una red que transforma papel en oportunidades. Compartimos estas primeras jornadas con <strong data-start=\"752\" data-end=\"769\">Mart\u00edn Quir\u00f3z<\/strong> y <strong data-start=\"772\" data-end=\"792\">V\u00edctor Caballero<\/strong>, presidentes comunales, y con <strong data-start=\"823\" data-end=\"841\">Sof\u00eda Avveduto<\/strong>, de la empresa <strong data-start=\"857\" data-end=\"873\">EcoAislaci\u00f3n<\/strong>, con quienes firmamos el convenio de colaboraci\u00f3n durante la \u00faltima edici\u00f3n de FECOL 2024.<\/p>\n<p class=\"\" data-start=\"966\" data-end=\"1260\">En Humboldt, estuvimos en el <strong data-start=\"995\" data-end=\"1015\">Colegio San Jos\u00e9<\/strong>, la <strong data-start=\"1020\" data-end=\"1039\">Escuela Urquiza<\/strong> y el <strong data-start=\"1045\" data-end=\"1069\">Instituto Centenario<\/strong>. En San Carlos Norte, gracias al valioso nexo de la <strong data-start=\"1122\" data-end=\"1144\">Biblioteca Popular<\/strong>, llevamos la propuesta a los alumnos del nivel primario y secundario de la <strong data-start=\"1220\" data-end=\"1259\">Escuela N\u00b0 357 Bernardino Rivadavia<\/strong>.<\/p>\n<p class=\"\" data-start=\"1262\" data-end=\"1563\">Durante las charlas, invitamos a reflexionar sobre el ciclo del papel reciclado: desde su recolecci\u00f3n hasta su conversi\u00f3n en aislante de celulosa. M\u00e1s all\u00e1 del contenido t\u00e9cnico, lo m\u00e1s importante fue sembrar conciencia sobre el impacto que cada uno de nosotros puede tener en el cuidado del ambiente.<\/p>\n<p class=\"\" data-start=\"1565\" data-end=\"1842\">El coraz\u00f3n de este programa es <strong data-start=\"1596\" data-end=\"1633\">una red de beneficios compartidos<\/strong>: las escuelas re\u00fanen papel y cart\u00f3n \u2014materia prima esencial para EcoAislaci\u00f3n\u2014 y a cambio reciben mejoras concretas en su infraestructura, como obras de aislaci\u00f3n t\u00e9rmica o insumos que potencien su d\u00eda a d\u00eda.<\/p>\n<p class=\"\" data-start=\"1844\" data-end=\"2057\">Con <em data-start=\"1848\" data-end=\"1870\">Las Colonias Recicla<\/em> reafirmamos una convicci\u00f3n: cuando el compromiso es real, los resultados son colectivos. Sigamos avanzando, juntos y en positivo, por un futuro m\u00e1s sustentable para nuestras comunidades.<\/p>\n<div id=\"lightgallery\" class=\"single-gallery\"><div class=\"gallery-item\" data-responsive=\"https:\/\/rubenpirola.com\/nuevo\/wp-content\/uploads\/2025\/05\/1-300x169.jpeg 375, https:\/\/rubenpirola.com\/nuevo\/wp-content\/uploads\/2025\/05\/1-300x169.jpeg 480, https:\/\/rubenpirola.com\/nuevo\/wp-content\/uploads\/2025\/05\/1-300x169.jpeg 800\" data-src=\"https:\/\/rubenpirola.com\/nuevo\/wp-content\/uploads\/2025\/05\/1-768x576.jpeg\" data-sub-html=\"<h4>Comenzamos a transformar conciencia en acci\u00f3n: as\u00ed arranca Las Colonias Recicla en el territorio<\/h4>\"><a href=\"\" class=\"gallery-item-link relative mb-0\"><img decoding=\"async\" class=\"img-responsive\" src=\"https:\/\/rubenpirola.com\/nuevo\/wp-content\/uploads\/2025\/05\/1-300x169.jpeg\"><div class=\"over fs32\"><i class=\"fa fa-search c-white\"><\/i><\/div><\/a><\/div><div class=\"gallery-item\" data-responsive=\"https:\/\/rubenpirola.com\/nuevo\/wp-content\/uploads\/2025\/05\/2-300x169.jpeg 375, https:\/\/rubenpirola.com\/nuevo\/wp-content\/uploads\/2025\/05\/2-300x169.jpeg 480, https:\/\/rubenpirola.com\/nuevo\/wp-content\/uploads\/2025\/05\/2-300x169.jpeg 800\" data-src=\"https:\/\/rubenpirola.com\/nuevo\/wp-content\/uploads\/2025\/05\/2-768x576.jpeg\" data-sub-html=\"<h4>Comenzamos a transformar conciencia en acci\u00f3n: as\u00ed arranca Las Colonias Recicla en el territorio<\/h4>\"><a href=\"\" class=\"gallery-item-link relative mb-0\"><img decoding=\"async\" class=\"img-responsive\" src=\"https:\/\/rubenpirola.com\/nuevo\/wp-content\/uploads\/2025\/05\/2-300x169.jpeg\"><div class=\"over fs32\"><i class=\"fa fa-search c-white\"><\/i><\/div><\/a><\/div><div class=\"gallery-item\" data-responsive=\"https:\/\/rubenpirola.com\/nuevo\/wp-content\/uploads\/2025\/05\/3-300x225.jpeg 375, https:\/\/rubenpirola.com\/nuevo\/wp-content\/uploads\/2025\/05\/3-300x225.jpeg 480, https:\/\/rubenpirola.com\/nuevo\/wp-content\/uploads\/2025\/05\/3-300x225.jpeg 800\" data-src=\"https:\/\/rubenpirola.com\/nuevo\/wp-content\/uploads\/2025\/05\/3-768x576.jpeg\" data-sub-html=\"<h4>Comenzamos a transformar conciencia en acci\u00f3n: as\u00ed arranca Las Colonias Recicla en el territorio<\/h4>\"><a href=\"\" class=\"gallery-item-link relative mb-0\"><img decoding=\"async\" class=\"img-responsive\" src=\"https:\/\/rubenpirola.com\/nuevo\/wp-content\/uploads\/2025\/05\/3-300x225.jpeg\"><div class=\"over fs32\"><i class=\"fa fa-search c-white\"><\/i><\/div><\/a><\/div><\/div>\n","protected":false},"excerpt":{"rendered":"<p>Con mucha alegr\u00eda, quiero contarles que ya est\u00e1 en marcha en el territorio el programa Las Colonias Recicla, una iniciativa&nbsp;<\/p>\n","protected":false},"author":1,"featured_media":15664,"comment_status":"open","ping_status":"open","sticky":false,"template":"","format":"standard","meta":{"_acf_changed":false,"_joinchat":[],"footnotes":""},"categories":[2],"tags":[],"class_list":["post-15663","post","type-post","status-publish","format-standard","has-post-thumbnail","hentry","category-novedades"],"acf":[],"_links":{"self":[{"href":"https:\/\/rubenpirola.com\/nuevo\/wp-json\/wp\/v2\/posts\/15663","targetHints":{"allow":["GET"]}}],"collection":[{"href":"https:\/\/rubenpirola.com\/nuevo\/wp-json\/wp\/v2\/posts"}],"about":[{"href":"https:\/\/rubenpirola.com\/nuevo\/wp-json\/wp\/v2\/types\/post"}],"author":[{"embeddable":true,"href":"https:\/\/rubenpirola.com\/nuevo\/wp-json\/wp\/v2\/users\/1"}],"replies":[{"embeddable":true,"href":"https:\/\/rubenpirola.com\/nuevo\/wp-json\/wp\/v2\/comments?post=15663"}],"version-history":[{"count":1,"href":"https:\/\/rubenpirola.com\/nuevo\/wp-json\/wp\/v2\/posts\/15663\/revisions"}],"predecessor-version":[{"id":15668,"href":"https:\/\/rubenpirola.com\/nuevo\/wp-json\/wp\/v2\/posts\/15663\/revisions\/15668"}],"wp:featuredmedia":[{"embeddable":true,"href":"https:\/\/rubenpirola.com\/nuevo\/wp-json\/wp\/v2\/media\/15664"}],"wp:attachment":[{"href":"https:\/\/rubenpirola.com\/nuevo\/wp-json\/wp\/v2\/media?parent=15663"}],"wp:term":[{"taxonomy":"category","embeddable":true,"href":"https:\/\/rubenpirola.com\/nuevo\/wp-json\/wp\/v2\/categories?post=15663"},{"taxonomy":"post_tag","embeddable":true,"href":"https:\/\/rubenpirola.com\/nuevo\/wp-json\/wp\/v2\/tags?post=15663"}],"curies":[{"name":"wp","href":"https:\/\/api.w.org\/{rel}","templated":true}]}}