{"id":15745,"date":"2025-07-17T12:34:40","date_gmt":"2025-07-17T15:34:40","guid":{"rendered":"https:\/\/rubenpirola.com\/nuevo\/?p=15745"},"modified":"2025-07-17T14:19:39","modified_gmt":"2025-07-17T17:19:39","slug":"la-voz-de-las-colonias-y-de-todos-en-la-convencion-como-presentar-un-proyecto-en-la-convencion-reformadora","status":"publish","type":"post","link":"https:\/\/rubenpirola.com\/nuevo\/la-voz-de-las-colonias-y-de-todos-en-la-convencion-como-presentar-un-proyecto-en-la-convencion-reformadora\/","title":{"rendered":"La voz de Las Colonias y de todos en la convenci\u00f3n: C\u00f3mo presentar un proyecto en la Convenci\u00f3n Reformadora"},"content":{"rendered":"<p><span style=\"font-weight: 400;\">Una de las cosas m\u00e1s importantes de este proceso es que todos podamos ser parte. Por eso quiero compartir, de forma simple y directa, c\u00f3mo puede cualquier persona, organizaci\u00f3n o convencional presentar un proyecto para que sea considerado en esta Reforma Constitucional que estamos construyendo entre todos.<\/span><\/p>\n<p><span style=\"font-weight: 400;\">Hay dos maneras de hacerlo: de forma digital o de forma presencial.<\/span><\/p>\n<p><b>Si eleg\u00eds hacerlo de forma digital<\/b><span style=\"font-weight: 400;\">, el primer paso es estar registrado en ID Ciudadana.<\/span><span style=\"font-weight: 400;\"><br \/>\n<\/span><a href=\"https:\/\/www.santafe.gob.ar\/idciudadana\/registro\/\"><span style=\"font-weight: 400;\">https:\/\/www.santafe.gob.ar\/idciudadana\/registro\/<\/span><\/a> <span style=\"font-weight: 400;\"><br \/>\n<\/span><span style=\"font-weight: 400;\"><br \/>\n<\/span><span style=\"font-weight: 400;\">Una vez registrado, hay que ingresar al m\u00f3dulo de Atenci\u00f3n Virtual (EGD-TIMB\u00d3), seleccionar el tr\u00e1mite \u201cPresentaci\u00f3n de Proyecto &#8211; Convenci\u00f3n Reformadora\u201d y adjuntar el archivo en formato PDF con la propuesta.<\/span><span style=\"font-weight: 400;\"><br \/>\n<\/span><a href=\"https:\/\/sso.santafe.gov.ar\/service-auth\/login?service=https%3A%2F%2Fatencionvirtual.santafe.gob.ar%2Fauth-cas-av\"><span style=\"font-weight: 400;\">Acceso a sistemas &#8211; CAS \u2013 Central Authentication Service<\/span><\/a> <span style=\"font-weight: 400;\"><br \/>\n<\/span><span style=\"font-weight: 400;\"><br \/>\n<\/span><span style=\"font-weight: 400;\">Si el proyecto lo presenta un Convencional Reformador, debe estar firmado digitalmente por todos los autores. Esa firma es un requisito clave para que el proyecto pueda avanzar.<\/span><\/p>\n<p><b>Si prefer\u00eds presentarlo de forma presencial<\/b><span style=\"font-weight: 400;\">, se puede hacer en papel en la Mesa de Entradas de la C\u00e1mara de Senadores (Av. Gral. L\u00f3pez 3055, ciudad de Santa Fe).<\/span><span style=\"font-weight: 400;\"><br \/>\n<\/span><span style=\"font-weight: 400;\"><br \/>\n<\/span><span style=\"font-weight: 400;\">Desde ah\u00ed, el equipo administrativo lo digitaliza, genera el expediente y lo incorpora al sistema para que pueda ingresar formalmente.<\/span><\/p>\n<p><span style=\"font-weight: 400;\">En ambos casos, los proyectos llegan a Secretar\u00eda Parlamentaria con una providencia que permite analizarlos y asignarlos a las comisiones correspondientes. Ese es el paso que habilita su tratamiento dentro del funcionamiento reglamentado de la Convenci\u00f3n.<\/span><\/p>\n<p><span style=\"font-weight: 400;\">Me parece muy valioso que esta posibilidad est\u00e9 abierta a toda la ciudadan\u00eda. Y m\u00e1s a\u00fan, que el procedimiento est\u00e9 claramente definido para garantizar transparencia, orden y participaci\u00f3n real.<\/span><\/p>\n<p><span style=\"font-weight: 400;\">Cualquier aporte que surja desde la comunidad organizada, desde un centro de estudiantes o desde un convencional, merece ser escuchado. Esta Reforma se construye entre todos.<\/span><\/p>\n<p>La posibilidad est\u00e1 abierta hasta las 08:00 hs del\u00a0 27\/7<br \/>\nPara quienes elijan hacerlo de manera presencial es de lunes a domingo de 08 a 20 hs en mesa de entradas de la legislatura provincial.<\/p>\n<p><span style=\"font-weight: 400;\">Si necesitas m\u00e1s ayuda para acercar tus ideas podes hacerlo v\u00eda mensaje de WhatsApp a nuestro n\u00famero de Contactos en Positivo +54 9 3425 39-0021<\/span><\/p>\n","protected":false},"excerpt":{"rendered":"<p>Una de las cosas m\u00e1s importantes de este proceso es que todos podamos ser parte. Por eso quiero compartir, de&nbsp;<\/p>\n","protected":false},"author":1,"featured_media":15746,"comment_status":"open","ping_status":"open","sticky":false,"template":"","format":"standard","meta":{"_acf_changed":false,"_joinchat":[],"footnotes":""},"categories":[2],"tags":[],"class_list":["post-15745","post","type-post","status-publish","format-standard","has-post-thumbnail","hentry","category-novedades"],"acf":[],"_links":{"self":[{"href":"https:\/\/rubenpirola.com\/nuevo\/wp-json\/wp\/v2\/posts\/15745","targetHints":{"allow":["GET"]}}],"collection":[{"href":"https:\/\/rubenpirola.com\/nuevo\/wp-json\/wp\/v2\/posts"}],"about":[{"href":"https:\/\/rubenpirola.com\/nuevo\/wp-json\/wp\/v2\/types\/post"}],"author":[{"embeddable":true,"href":"https:\/\/rubenpirola.com\/nuevo\/wp-json\/wp\/v2\/users\/1"}],"replies":[{"embeddable":true,"href":"https:\/\/rubenpirola.com\/nuevo\/wp-json\/wp\/v2\/comments?post=15745"}],"version-history":[{"count":5,"href":"https:\/\/rubenpirola.com\/nuevo\/wp-json\/wp\/v2\/posts\/15745\/revisions"}],"predecessor-version":[{"id":15751,"href":"https:\/\/rubenpirola.com\/nuevo\/wp-json\/wp\/v2\/posts\/15745\/revisions\/15751"}],"wp:featuredmedia":[{"embeddable":true,"href":"https:\/\/rubenpirola.com\/nuevo\/wp-json\/wp\/v2\/media\/15746"}],"wp:attachment":[{"href":"https:\/\/rubenpirola.com\/nuevo\/wp-json\/wp\/v2\/media?parent=15745"}],"wp:term":[{"taxonomy":"category","embeddable":true,"href":"https:\/\/rubenpirola.com\/nuevo\/wp-json\/wp\/v2\/categories?post=15745"},{"taxonomy":"post_tag","embeddable":true,"href":"https:\/\/rubenpirola.com\/nuevo\/wp-json\/wp\/v2\/tags?post=15745"}],"curies":[{"name":"wp","href":"https:\/\/api.w.org\/{rel}","templated":true}]}}