{"id":15766,"date":"2025-07-25T17:32:25","date_gmt":"2025-07-25T20:32:25","guid":{"rendered":"https:\/\/rubenpirola.com\/nuevo\/?p=15766"},"modified":"2025-07-25T17:32:25","modified_gmt":"2025-07-25T20:32:25","slug":"convencion-reformadora-resumen-semanal-semana-a-semana-el-trabajo-de-la-reforma-avanza","status":"publish","type":"post","link":"https:\/\/rubenpirola.com\/nuevo\/convencion-reformadora-resumen-semanal-semana-a-semana-el-trabajo-de-la-reforma-avanza\/","title":{"rendered":"Convenci\u00f3n Reformadora: Resumen semanal \/ Semana a semana, el trabajo de la reforma avanza"},"content":{"rendered":"<p>Esta semana dimos nuevos pasos dentro de la Convenci\u00f3n Reformadora de la Constituci\u00f3n de la Provincia de Santa Fe. Con la agenda de trabajo ya en marcha, particip\u00e9 activamente en las distintas instancias que siguen dando forma a este proceso hist\u00f3rico.<\/p>\n<p>En la Comisi\u00f3n de Poder Legislativo y Ejecutivo, de la que formo parte, se defini\u00f3 un nuevo secretario: el convencional Ariel Sclafani, quien reemplaza a Mar\u00eda Eugenia Mart\u00ednez Fern\u00e1ndez. Adem\u00e1s, se estableci\u00f3 un esquema de tratamiento para los distintos art\u00edculos que nos corresponde abordar. El cronograma ya tiene fechas concretas para los debates que comenzar\u00e1n el 29 de julio y que incluir\u00e1n tanto las propuestas presentadas por los bloques como las que acercaron instituciones y ciudadanos.<\/p>\n<p>Tambi\u00e9n form\u00e9 parte del encuentro de la Comisi\u00f3n de Labor Parlamentaria, espacio clave para organizar y proyectar el funcionamiento general de la Convenci\u00f3n. All\u00ed avanzamos en la preparaci\u00f3n de la tercera sesi\u00f3n, acordamos que las comisiones sesionen en los recintos del Senado y Diputados, y que esas reuniones se transmitan en forma abierta.<\/p>\n<p>Luego, durante la sesi\u00f3n de este jueves, se trat\u00f3 y rechaz\u00f3 por mayor\u00eda un pedido de impugnaci\u00f3n contra una convencional, y se aprob\u00f3 una modificaci\u00f3n reglamentaria que permitir\u00e1 que las comisiones puedan reunirse en otras localidades de la provincia. Una decisi\u00f3n importante para acercar a\u00fan m\u00e1s este proceso a nuestros vecinos.<\/p>\n<p>Con el foco siempre puesto en una Constituci\u00f3n moderna, representativa y m\u00e1s participativa, seguimos consolidando desde Las Colonias una presencia activa, organizada y comprometida.<\/p>\n<div id=\"lightgallery\" class=\"single-gallery\"><div class=\"gallery-item\" data-responsive=\"https:\/\/rubenpirola.com\/nuevo\/wp-content\/uploads\/2025\/07\/Legislativo_Ejecutivo-27-300x200.jpg 375, https:\/\/rubenpirola.com\/nuevo\/wp-content\/uploads\/2025\/07\/Legislativo_Ejecutivo-27-300x200.jpg 480, https:\/\/rubenpirola.com\/nuevo\/wp-content\/uploads\/2025\/07\/Legislativo_Ejecutivo-27-300x200.jpg 800\" data-src=\"https:\/\/rubenpirola.com\/nuevo\/wp-content\/uploads\/2025\/07\/Legislativo_Ejecutivo-27-768x576.jpg\" data-sub-html=\"<h4>Convenci\u00f3n Reformadora: Resumen semanal \/ Semana a semana, el trabajo de la reforma avanza<\/h4>\"><a href=\"\" class=\"gallery-item-link relative mb-0\"><img decoding=\"async\" class=\"img-responsive\" src=\"https:\/\/rubenpirola.com\/nuevo\/wp-content\/uploads\/2025\/07\/Legislativo_Ejecutivo-27-300x200.jpg\"><div class=\"over fs32\"><i class=\"fa fa-search c-white\"><\/i><\/div><\/a><\/div><div class=\"gallery-item\" data-responsive=\"https:\/\/rubenpirola.com\/nuevo\/wp-content\/uploads\/2025\/07\/Parlamentaria-30-300x200.jpg 375, https:\/\/rubenpirola.com\/nuevo\/wp-content\/uploads\/2025\/07\/Parlamentaria-30-300x200.jpg 480, https:\/\/rubenpirola.com\/nuevo\/wp-content\/uploads\/2025\/07\/Parlamentaria-30-300x200.jpg 800\" data-src=\"https:\/\/rubenpirola.com\/nuevo\/wp-content\/uploads\/2025\/07\/Parlamentaria-30-768x576.jpg\" data-sub-html=\"<h4>Convenci\u00f3n Reformadora: Resumen semanal \/ Semana a semana, el trabajo de la reforma avanza<\/h4>\"><a href=\"\" class=\"gallery-item-link relative mb-0\"><img decoding=\"async\" class=\"img-responsive\" src=\"https:\/\/rubenpirola.com\/nuevo\/wp-content\/uploads\/2025\/07\/Parlamentaria-30-300x200.jpg\"><div class=\"over fs32\"><i class=\"fa fa-search c-white\"><\/i><\/div><\/a><\/div><div class=\"gallery-item\" data-responsive=\"https:\/\/rubenpirola.com\/nuevo\/wp-content\/uploads\/2025\/07\/Sesion_24JUL25-94-300x200.jpg 375, https:\/\/rubenpirola.com\/nuevo\/wp-content\/uploads\/2025\/07\/Sesion_24JUL25-94-300x200.jpg 480, https:\/\/rubenpirola.com\/nuevo\/wp-content\/uploads\/2025\/07\/Sesion_24JUL25-94-300x200.jpg 800\" data-src=\"https:\/\/rubenpirola.com\/nuevo\/wp-content\/uploads\/2025\/07\/Sesion_24JUL25-94-768x576.jpg\" data-sub-html=\"<h4>Convenci\u00f3n Reformadora: Resumen semanal \/ Semana a semana, el trabajo de la reforma avanza<\/h4>\"><a href=\"\" class=\"gallery-item-link relative mb-0\"><img decoding=\"async\" class=\"img-responsive\" src=\"https:\/\/rubenpirola.com\/nuevo\/wp-content\/uploads\/2025\/07\/Sesion_24JUL25-94-300x200.jpg\"><div class=\"over fs32\"><i class=\"fa fa-search c-white\"><\/i><\/div><\/a><\/div><\/div>\n","protected":false},"excerpt":{"rendered":"<p>Esta semana dimos nuevos pasos dentro de la Convenci\u00f3n Reformadora de la Constituci\u00f3n de la Provincia de Santa Fe. Con&nbsp;<\/p>\n","protected":false},"author":1,"featured_media":15767,"comment_status":"open","ping_status":"open","sticky":false,"template":"","format":"standard","meta":{"_acf_changed":false,"_joinchat":[],"footnotes":""},"categories":[2],"tags":[],"class_list":["post-15766","post","type-post","status-publish","format-standard","has-post-thumbnail","hentry","category-novedades"],"acf":[],"_links":{"self":[{"href":"https:\/\/rubenpirola.com\/nuevo\/wp-json\/wp\/v2\/posts\/15766","targetHints":{"allow":["GET"]}}],"collection":[{"href":"https:\/\/rubenpirola.com\/nuevo\/wp-json\/wp\/v2\/posts"}],"about":[{"href":"https:\/\/rubenpirola.com\/nuevo\/wp-json\/wp\/v2\/types\/post"}],"author":[{"embeddable":true,"href":"https:\/\/rubenpirola.com\/nuevo\/wp-json\/wp\/v2\/users\/1"}],"replies":[{"embeddable":true,"href":"https:\/\/rubenpirola.com\/nuevo\/wp-json\/wp\/v2\/comments?post=15766"}],"version-history":[{"count":1,"href":"https:\/\/rubenpirola.com\/nuevo\/wp-json\/wp\/v2\/posts\/15766\/revisions"}],"predecessor-version":[{"id":15770,"href":"https:\/\/rubenpirola.com\/nuevo\/wp-json\/wp\/v2\/posts\/15766\/revisions\/15770"}],"wp:featuredmedia":[{"embeddable":true,"href":"https:\/\/rubenpirola.com\/nuevo\/wp-json\/wp\/v2\/media\/15767"}],"wp:attachment":[{"href":"https:\/\/rubenpirola.com\/nuevo\/wp-json\/wp\/v2\/media?parent=15766"}],"wp:term":[{"taxonomy":"category","embeddable":true,"href":"https:\/\/rubenpirola.com\/nuevo\/wp-json\/wp\/v2\/categories?post=15766"},{"taxonomy":"post_tag","embeddable":true,"href":"https:\/\/rubenpirola.com\/nuevo\/wp-json\/wp\/v2\/tags?post=15766"}],"curies":[{"name":"wp","href":"https:\/\/api.w.org\/{rel}","templated":true}]}}