{"id":15778,"date":"2025-07-28T15:08:50","date_gmt":"2025-07-28T18:08:50","guid":{"rendered":"https:\/\/rubenpirola.com\/nuevo\/?p=15778"},"modified":"2025-07-28T15:43:26","modified_gmt":"2025-07-28T18:43:26","slug":"derechos-del-presente-garantizados-para-el-futuro","status":"publish","type":"post","link":"https:\/\/rubenpirola.com\/nuevo\/derechos-del-presente-garantizados-para-el-futuro\/","title":{"rendered":"Derechos del presente, garantizados para el futuro"},"content":{"rendered":"<p data-start=\"1079\" data-end=\"1127\">La vida cambi\u00f3. Nuestra Constituci\u00f3n todav\u00eda no.<\/p>\n<p data-start=\"1129\" data-end=\"1512\">En Santa Fe hoy no tenemos una protecci\u00f3n constitucional espec\u00edfica para derechos que se volvieron centrales en la vida cotidiana: el cuidado del ambiente, la salud mental, la protecci\u00f3n de los datos personales, el acceso al conocimiento digital, el respeto a la diversidad. Este proyecto propone cambiar eso de forma concreta, con herramientas para que esos derechos sean efectivos.<\/p>\n<p data-start=\"1514\" data-end=\"1873\">\ud83d\udd39 <strong data-start=\"1517\" data-end=\"1563\">\u00bfC\u00f3mo se garantiza el derecho al ambiente?<\/strong><br data-start=\"1563\" data-end=\"1566\" \/>Se lo declara como derecho colectivo fundamental y se incorpora el principio de sustentabilidad. El Estado queda obligado a prevenir da\u00f1os, restaurar lo afectado y promover pol\u00edticas p\u00fablicas que prioricen el equilibrio ecol\u00f3gico. Se habilita a cualquier persona o colectivo a presentar amparos ambientales.<\/p>\n<p data-start=\"1875\" data-end=\"2176\">\ud83d\udd39 <strong data-start=\"1878\" data-end=\"1915\">\u00bfC\u00f3mo se protege la salud mental?<\/strong><br data-start=\"1915\" data-end=\"1918\" \/>Por primera vez se la incluye como parte del derecho a la salud. Esto obliga al Estado provincial a destinar recursos espec\u00edficos, garantizar atenci\u00f3n p\u00fablica adecuada, prevenir discriminaci\u00f3n y garantizar acceso igualitario a tratamientos y acompa\u00f1amientos.<\/p>\n<p data-start=\"2178\" data-end=\"2491\">\ud83d\udd39 <strong data-start=\"2181\" data-end=\"2235\">\u00bfQu\u00e9 cambia con la protecci\u00f3n de datos personales?<\/strong><br data-start=\"2235\" data-end=\"2238\" \/>Se reconoce el derecho a la autodeterminaci\u00f3n informativa: saber qu\u00e9 datos recopila el Estado, c\u00f3mo se usan, y exigir su rectificaci\u00f3n o eliminaci\u00f3n. Este derecho impacta en educaci\u00f3n, salud, seguridad, programas sociales y todo sistema p\u00fablico digital.<\/p>\n<p data-start=\"2493\" data-end=\"2783\">\ud83d\udd39 <strong data-start=\"2496\" data-end=\"2536\">\u00bfQu\u00e9 implica la igualdad sustantiva?<\/strong><br data-start=\"2536\" data-end=\"2539\" \/>La Constituci\u00f3n no se limita a decir que somos iguales. Exige al Estado eliminar las barreras que impiden esa igualdad. Esto habilita medidas de acci\u00f3n positiva (como las cuotas) y obliga a revisar las pol\u00edticas p\u00fablicas con enfoque de equidad.<\/p>\n<p data-start=\"2785\" data-end=\"2984\">\ud83d\udd39 <strong data-start=\"2788\" data-end=\"2813\">Otros derechos nuevos<\/strong><br data-start=\"2813\" data-end=\"2816\" \/>El texto tambi\u00e9n incorpora el derecho al cuidado, la diversidad cultural, la accesibilidad universal y el acceso abierto al conocimiento como derechos constitucionales.<\/p>\n<p data-start=\"2986\" data-end=\"3210\">Todos estos derechos vienen acompa\u00f1ados de mecanismos de exigibilidad, mandatos operativos y la posibilidad de recurrir a la Justicia si no se cumplen. El objetivo es claro: que el Estado no solo declare, sino que garantice.<\/p>\n<p data-start=\"3212\" data-end=\"3325\">\ud83d\udcc4 <strong data-start=\"3215\" data-end=\"3325\">El proyecto completo de reforma pod\u00e9s leerlo y descargarlo desde ac\u00e1.<br \/>\n<\/strong><a href=\"https:\/\/rubenpirola.com\/nuevo\/wp-content\/uploads\/2025\/07\/PROYECTO-DE-REFORMA-DE-LA-CONSTITUCION.pdf\">PROYECTO DE REFORMA DE LA CONSTITUCI\u00d3N<\/a><strong data-start=\"3215\" data-end=\"3325\"><br \/>\n<\/strong><\/p>\n","protected":false},"excerpt":{"rendered":"<p>La vida cambi\u00f3. Nuestra Constituci\u00f3n todav\u00eda no. En Santa Fe hoy no tenemos una protecci\u00f3n constitucional espec\u00edfica para derechos que&nbsp;<\/p>\n","protected":false},"author":1,"featured_media":15782,"comment_status":"open","ping_status":"open","sticky":false,"template":"","format":"standard","meta":{"_acf_changed":false,"_joinchat":[],"footnotes":""},"categories":[2],"tags":[],"class_list":["post-15778","post","type-post","status-publish","format-standard","has-post-thumbnail","hentry","category-novedades"],"acf":[],"_links":{"self":[{"href":"https:\/\/rubenpirola.com\/nuevo\/wp-json\/wp\/v2\/posts\/15778","targetHints":{"allow":["GET"]}}],"collection":[{"href":"https:\/\/rubenpirola.com\/nuevo\/wp-json\/wp\/v2\/posts"}],"about":[{"href":"https:\/\/rubenpirola.com\/nuevo\/wp-json\/wp\/v2\/types\/post"}],"author":[{"embeddable":true,"href":"https:\/\/rubenpirola.com\/nuevo\/wp-json\/wp\/v2\/users\/1"}],"replies":[{"embeddable":true,"href":"https:\/\/rubenpirola.com\/nuevo\/wp-json\/wp\/v2\/comments?post=15778"}],"version-history":[{"count":1,"href":"https:\/\/rubenpirola.com\/nuevo\/wp-json\/wp\/v2\/posts\/15778\/revisions"}],"predecessor-version":[{"id":15781,"href":"https:\/\/rubenpirola.com\/nuevo\/wp-json\/wp\/v2\/posts\/15778\/revisions\/15781"}],"wp:featuredmedia":[{"embeddable":true,"href":"https:\/\/rubenpirola.com\/nuevo\/wp-json\/wp\/v2\/media\/15782"}],"wp:attachment":[{"href":"https:\/\/rubenpirola.com\/nuevo\/wp-json\/wp\/v2\/media?parent=15778"}],"wp:term":[{"taxonomy":"category","embeddable":true,"href":"https:\/\/rubenpirola.com\/nuevo\/wp-json\/wp\/v2\/categories?post=15778"},{"taxonomy":"post_tag","embeddable":true,"href":"https:\/\/rubenpirola.com\/nuevo\/wp-json\/wp\/v2\/tags?post=15778"}],"curies":[{"name":"wp","href":"https:\/\/api.w.org\/{rel}","templated":true}]}}