{"id":15788,"date":"2025-07-31T09:44:46","date_gmt":"2025-07-31T12:44:46","guid":{"rendered":"https:\/\/rubenpirola.com\/nuevo\/?p=15788"},"modified":"2025-07-31T09:46:47","modified_gmt":"2025-07-31T12:46:47","slug":"equilibrio-limites-y-autonomia-claves-del-nuevo-sistema-politico","status":"publish","type":"post","link":"https:\/\/rubenpirola.com\/nuevo\/equilibrio-limites-y-autonomia-claves-del-nuevo-sistema-politico\/","title":{"rendered":"Equilibrio, l\u00edmites y autonom\u00eda: claves del nuevo sistema pol\u00edtico"},"content":{"rendered":"<p>La Constituci\u00f3n provincial define algo esencial: c\u00f3mo se accede al poder, c\u00f3mo se lo ejerce y c\u00f3mo se lo limita.<\/p>\n<p>El proyecto de reforma propone una actualizaci\u00f3n del sistema pol\u00edtico para lograr un gobierno m\u00e1s equilibrado, con reglas claras, l\u00edmites definidos y verdadera autonom\u00eda local.<\/p>\n<p>\ud83d\udd39 Reelecci\u00f3n del gobernador: una sola vez consecutiva<br \/>\nSe habilita la reelecci\u00f3n del gobernador y la gobernadora por una \u00fanica vez consecutiva. Esto da continuidad posible a los proyectos de gesti\u00f3n, sin permitir liderazgos indefinidos ni acumulaci\u00f3n de poder sin control.<\/p>\n<p>\ud83d\udd39 Vicegobernador\/a con funciones ampliadas<br \/>\nHoy la Vicegobernaci\u00f3n solo preside el Senado. La reforma ampl\u00eda ese rol y permite que tambi\u00e9n presida la C\u00e1mara de Diputados\/as, generando un puente institucional que facilita el equilibrio entre poderes.<\/p>\n<p>\ud83d\udd39 Senadores\/as y diputados\/as: mandatos sin cambios<br \/>\nSe mantiene la duraci\u00f3n actual de los mandatos legislativos: 4 a\u00f1os para senadores\/as y diputados\/as. El proyecto no propone modificar este punto.<\/p>\n<p>\ud83d\udd39 Autonom\u00eda municipal y comunal garantizada por la Constituci\u00f3n<br \/>\nHoy no existe una cl\u00e1usula constitucional que garantice la autonom\u00eda real de municipios y comunas. Esta reforma la incorpora como derecho, permitiendo que cada localidad pueda:<br \/>\n\u2022 dictar su propia carta org\u00e1nica,<br \/>\n\u2022 gestionar sus recursos,<br \/>\n\u2022 definir su organizaci\u00f3n institucional,<br \/>\n\u2022 ejercer competencias propias sin depender de decisiones provinciales.<\/p>\n<p>Es una transformaci\u00f3n profunda del modelo provincial, que fortalece lo local y lo vuelve protagonista.<\/p>\n<p>Este conjunto de cambios busca un sistema m\u00e1s representativo, menos centralizado y m\u00e1s conectado con cada comunidad. Una base s\u00f3lida para gobernar bien, sin privilegios ni discrecionalidad.<\/p>\n<p><img decoding=\"async\" class=\"emoji\" role=\"img\" draggable=\"false\" src=\"https:\/\/s.w.org\/images\/core\/emoji\/16.0.1\/svg\/1f4c4.svg\" alt=\"\ud83d\udcc4\" \/>\u00a0<strong data-start=\"3215\" data-end=\"3325\">El proyecto completo de reforma pod\u00e9s leerlo y descargarlo desde ac\u00e1.<br \/>\n<\/strong><a href=\"https:\/\/rubenpirola.com\/nuevo\/wp-content\/uploads\/2025\/07\/PROYECTO-DE-REFORMA-DE-LA-CONSTITUCION.pdf\">PROYECTO DE REFORMA DE LA CONSTITUCI\u00d3N<\/a><\/p>\n","protected":false},"excerpt":{"rendered":"<p>La Constituci\u00f3n provincial define algo esencial: c\u00f3mo se accede al poder, c\u00f3mo se lo ejerce y c\u00f3mo se lo limita.&nbsp;<\/p>\n","protected":false},"author":1,"featured_media":15789,"comment_status":"open","ping_status":"open","sticky":false,"template":"","format":"standard","meta":{"_acf_changed":false,"_joinchat":[],"footnotes":""},"categories":[2],"tags":[],"class_list":["post-15788","post","type-post","status-publish","format-standard","has-post-thumbnail","hentry","category-novedades"],"acf":[],"_links":{"self":[{"href":"https:\/\/rubenpirola.com\/nuevo\/wp-json\/wp\/v2\/posts\/15788","targetHints":{"allow":["GET"]}}],"collection":[{"href":"https:\/\/rubenpirola.com\/nuevo\/wp-json\/wp\/v2\/posts"}],"about":[{"href":"https:\/\/rubenpirola.com\/nuevo\/wp-json\/wp\/v2\/types\/post"}],"author":[{"embeddable":true,"href":"https:\/\/rubenpirola.com\/nuevo\/wp-json\/wp\/v2\/users\/1"}],"replies":[{"embeddable":true,"href":"https:\/\/rubenpirola.com\/nuevo\/wp-json\/wp\/v2\/comments?post=15788"}],"version-history":[{"count":2,"href":"https:\/\/rubenpirola.com\/nuevo\/wp-json\/wp\/v2\/posts\/15788\/revisions"}],"predecessor-version":[{"id":15791,"href":"https:\/\/rubenpirola.com\/nuevo\/wp-json\/wp\/v2\/posts\/15788\/revisions\/15791"}],"wp:featuredmedia":[{"embeddable":true,"href":"https:\/\/rubenpirola.com\/nuevo\/wp-json\/wp\/v2\/media\/15789"}],"wp:attachment":[{"href":"https:\/\/rubenpirola.com\/nuevo\/wp-json\/wp\/v2\/media?parent=15788"}],"wp:term":[{"taxonomy":"category","embeddable":true,"href":"https:\/\/rubenpirola.com\/nuevo\/wp-json\/wp\/v2\/categories?post=15788"},{"taxonomy":"post_tag","embeddable":true,"href":"https:\/\/rubenpirola.com\/nuevo\/wp-json\/wp\/v2\/tags?post=15788"}],"curies":[{"name":"wp","href":"https:\/\/api.w.org\/{rel}","templated":true}]}}