{"id":15815,"date":"2025-08-26T19:15:48","date_gmt":"2025-08-26T22:15:48","guid":{"rendered":"https:\/\/rubenpirola.com\/nuevo\/?p=15815"},"modified":"2025-08-26T19:16:54","modified_gmt":"2025-08-26T22:16:54","slug":"convencion-reformadora-mis-votos-y-fundamentos","status":"publish","type":"post","link":"https:\/\/rubenpirola.com\/nuevo\/convencion-reformadora-mis-votos-y-fundamentos\/","title":{"rendered":"Convenci\u00f3n Reformadora: Mis votos y fundamentos"},"content":{"rendered":"<p><span style=\"font-weight: 400;\">Ac\u00e1 presento, en un solo lugar, mis votos y fundamentos sobre los principales temas de la Convenci\u00f3n. Mientras la Comisi\u00f3n Redactora termina el texto que se votar\u00e1 p\u00fablicamente la semana pr\u00f3xima, elijo poner por delante lo de siempre: posiciones claras y accesibles para nuestros vecinos.<\/span><span style=\"font-weight: 400;\"><br \/>\n<\/span><\/p>\n<p><span style=\"font-weight: 400;\">Nuestros vecinos est\u00e1n acostumbrados a recibir de nuestro equipo certezas. Mantengo esa vara en esta etapa: decir c\u00f3mo voy a votar y por qu\u00e9. Cuando tengo reservas, las marco; cuando acompa\u00f1o, explico las razones.<\/span><span style=\"font-weight: 400;\"><br \/>\n<\/span><span style=\"font-weight: 400;\"><br \/>\n<\/span><span style=\"font-weight: 400;\">En los pr\u00f3ximos d\u00edas sumar\u00e9 el resto, en el mismo formato.<\/span><\/p>\n<p><span style=\"font-weight: 400;\">Si despu\u00e9s de leer quer\u00e9s profundizar alg\u00fan punto, escribime a nuestro n\u00famero de Contacto en Positivo. Estoy para responder.<\/span><\/p>\n<p>&nbsp;<\/p>\n<p><strong>Derecho a la cultura y bibliotecas p\u00fablicas y populares<br \/>\n<\/strong><b>Qu\u00e9 se vota<\/b><b><br \/>\n<\/b><span style=\"font-weight: 400;\"> Ampliar el derecho a la cultura: participaci\u00f3n en igualdad, respeto a la diversidad, preservaci\u00f3n del patrimonio material e inmaterial. Se incorpora el reconocimiento constitucional de las bibliotecas p\u00fablicas y populares y se promueve la articulaci\u00f3n p\u00fablico-privada-comunitaria.<\/span><\/p>\n<p><b>Mi voto:<\/b><span style=\"font-weight: 400;\"> A favor.<\/span><\/p>\n<p><b>Fundamentos<\/b><\/p>\n<ul>\n<li style=\"font-weight: 400;\" aria-level=\"1\"><span style=\"font-weight: 400;\">Garantiza que cada persona participe de la vida cultural en igualdad, expresando su identidad y ejerciendo derechos culturales sin discriminaci\u00f3n.<\/span>&nbsp;<\/li>\n<li style=\"font-weight: 400;\" aria-level=\"1\"><span style=\"font-weight: 400;\">Ordena pol\u00edticas para diversidad cultural, creaci\u00f3n art\u00edstica y sostenibilidad de proyectos, con criterios de equidad territorial, inclusi\u00f3n y pluralismo.<\/span>&nbsp;<\/li>\n<li style=\"font-weight: 400;\" aria-level=\"1\"><span style=\"font-weight: 400;\">Reconoce a las bibliotecas p\u00fablicas y populares, un pedido hist\u00f3rico del Departamento, y fortalece su funcionamiento y actividades por rango constitucional.<\/span>&nbsp;<\/li>\n<\/ul>\n<p><b>Qu\u00e9 cambia para nuestros vecinos<\/b><b><br \/>\n<\/b><span style=\"font-weight: 400;\"> M\u00e1s acceso efectivo a cultura y lectura, respaldo estable a bibliotecas y mejores herramientas para preservar y transmitir nuestro patrimonio.<\/span><\/p>\n<p><b>Derecho al agua y al saneamiento<br \/>\n<\/b><b>Qu\u00e9 se vota<\/b><b><br \/>\n<\/b><span style=\"font-weight: 400;\"> Consagrar el agua como bien colectivo, con funci\u00f3n social y ambiental. Reconocer el derecho de acceso universal y asequible al agua potable y al saneamiento. Establecer gesti\u00f3n integrada de recursos h\u00eddricos con enfoque de cuencas y humedales.<\/span><\/p>\n<p><b>Mi voto:<\/b><span style=\"font-weight: 400;\"> A favor.<\/span><\/p>\n<p><b>Fundamentos<\/b><\/p>\n<ul>\n<li style=\"font-weight: 400;\" aria-level=\"1\"><span style=\"font-weight: 400;\">El agua es esencial para la vida, los ecosistemas y el desarrollo productivo; su protecci\u00f3n exige un abordaje sist\u00e9mico y de largo plazo.<\/span>&nbsp;<\/li>\n<li style=\"font-weight: 400;\" aria-level=\"1\"><span style=\"font-weight: 400;\">Reconoce el derecho de acceso universal y asequible al agua potable y al saneamiento, priorizando salud p\u00fablica y calidad de vida.<\/span>&nbsp;<\/li>\n<li style=\"font-weight: 400;\" aria-level=\"1\"><span style=\"font-weight: 400;\">Fija pol\u00edtica h\u00eddrica integrada: seguridad h\u00eddrica, equidad intergeneracional, ordenamiento territorial, informaci\u00f3n p\u00fablica y participaci\u00f3n ciudadana.<\/span>&nbsp;<\/li>\n<\/ul>\n<p><b>Qu\u00e9 cambia para nuestros vecinos<\/b><b><br \/>\n<\/b><span style=\"font-weight: 400;\"> Bases constitucionales para obras de agua y saneamiento, y mejor manejo de cuencas que beneficia a familias, productores y pymes locales.<\/span><\/p>\n<p><strong>Reelecci\u00f3n 4+4, atribuciones del Gobernador y juicio pol\u00edtico<br \/>\n<\/strong><b>Qu\u00e9 se vota<\/b><b><br \/>\n<\/b><span style=\"font-weight: 400;\"> Actualizar tres n\u00facleos del r\u00e9gimen ejecutivo:<\/span><span style=\"font-weight: 400;\"><br \/>\n<\/span><span style=\"font-weight: 400;\"> \u2022 <\/span><b>Art. 64:<\/b><span style=\"font-weight: 400;\"> mandato de Gobernador y Vice de cuatro a\u00f1os, con una sola reelecci\u00f3n consecutiva; si hubo reelecci\u00f3n o sucesi\u00f3n rec\u00edproca, s\u00f3lo pueden volver tras un per\u00edodo de intervalo.<\/span><span style=\"font-weight: 400;\"><br \/>\n<\/span><span style=\"font-weight: 400;\"> \u2022 <\/span><b>Art. 72:<\/b><span style=\"font-weight: 400;\"> orden y actualizaci\u00f3n de atribuciones del Gobernador (convocar elecciones y sesiones, presentar presupuesto antes del 31\/10, rendir cuenta del ejercicio, designaciones con acuerdo cuando corresponda, coordinaci\u00f3n con otros poderes y gobiernos locales, entre otras).<\/span><span style=\"font-weight: 400;\"><br \/>\n<\/span><span style=\"font-weight: 400;\"> \u2022 <\/span><b>Art. 98:<\/b><span style=\"font-weight: 400;\"> sujetos de juicio pol\u00edtico: Gobernador, Vice y sustitutos legales; ministros; Fiscal de Estado; miembros de la Corte Suprema; Tribunal de Cuentas y todo funcionario cuyo nombramiento requiera acuerdo legislativo.<\/span><\/p>\n<p><b>Mi voto:<\/b><span style=\"font-weight: 400;\"> A favor.<\/span><\/p>\n<p><b>Fundamentos<\/b><\/p>\n<ul>\n<li style=\"font-weight: 400;\" aria-level=\"1\"><span style=\"font-weight: 400;\">L\u00edmite efectivo al poder con regla 4+4 y descanso obligatorio tras reelecci\u00f3n o sucesi\u00f3n rec\u00edproca.<\/span>&nbsp;<\/li>\n<li style=\"font-weight: 400;\" aria-level=\"1\"><span style=\"font-weight: 400;\">Gesti\u00f3n m\u00e1s ordenada y controlable: atribuciones actualizadas, plazos para presupuesto y cuenta de inversi\u00f3n, y mejores reglas de coordinaci\u00f3n institucional.<\/span>&nbsp;<\/li>\n<li style=\"font-weight: 400;\" aria-level=\"1\"><span style=\"font-weight: 400;\">Contrapesos claros: ampl\u00eda y precisa qui\u00e9nes pueden ser sometidos a juicio pol\u00edtico, reforzando la responsabilidad de los m\u00e1ximos cargos.<\/span>&nbsp;<\/li>\n<\/ul>\n<p><b>Qu\u00e9 cambia para nuestros vecinos<\/b><b><br \/>\n<\/b><span style=\"font-weight: 400;\"> Reglas de alternancia n\u00edtidas, un Ejecutivo con facultades mejor definidas y m\u00e1s herramientas de control para asegurar previsibilidad en seguridad, obra y servicios en todas nuestras localidades.<\/span><\/p>\n<p><b><br \/>\nDerechos de consumidores y usuarios<br \/>\n<\/b><b>Qu\u00e9 se vota<\/b><b><br \/>\n<\/b><span style=\"font-weight: 400;\"> Proteger los derechos de consumidores y usuarios conforme la Constituci\u00f3n Nacional: dignidad, informaci\u00f3n, salud, privacidad, educaci\u00f3n para el consumo y acceso a justicia. Prever sistema administrativo de defensa y prevenci\u00f3n en entornos f\u00edsicos y digitales.<\/span><\/p>\n<p><b>Mi voto:<\/b><span style=\"font-weight: 400;\"> A favor.<\/span><\/p>\n<p><b>Fundamentos<\/b><\/p>\n<ul>\n<li style=\"font-weight: 400;\" aria-level=\"1\"><span style=\"font-weight: 400;\">Eleva a rango constitucional pol\u00edticas activas de protecci\u00f3n, con prevenci\u00f3n, reparaci\u00f3n integral y acceso gratuito a la justicia.<\/span>&nbsp;<\/li>\n<li style=\"font-weight: 400;\" aria-level=\"1\"><span style=\"font-weight: 400;\">Atiende especialmente a consumidores hipervulnerables y regula publicidad, marketing, sobreendeudamiento y cl\u00e1usulas abusivas tambi\u00e9n en lo digital.<\/span>&nbsp;<\/li>\n<li style=\"font-weight: 400;\" aria-level=\"1\"><span style=\"font-weight: 400;\">Habilita acciones individuales y colectivas y refuerza educaci\u00f3n para el consumo responsable, reduciendo asimetr\u00edas de informaci\u00f3n.<\/span>&nbsp;<\/li>\n<\/ul>\n<p><b>Qu\u00e9 cambia para nuestros vecinos<\/b><b><br \/>\n<\/b><span style=\"font-weight: 400;\"> M\u00e1s herramientas para reclamar y prevenir abusos, menor riesgo de sobreendeudamiento y mejores pr\u00e1cticas comerciales en toda la provincia.<\/span><\/p>\n<p><b><br \/>\nSoberan\u00eda sobre Malvinas y proyecci\u00f3n ant\u00e1rtica<br \/>\n<\/b><b>Qu\u00e9 se vota<\/b><b><br \/>\n<\/b><span style=\"font-weight: 400;\"> Afirmar en la Constituci\u00f3n provincial la soberan\u00eda argentina sobre Malvinas, Georgias del Sur y Sandwich del Sur, y su proyecci\u00f3n ant\u00e1rtica.<\/span><\/p>\n<p><b>Mi voto:<\/b><span style=\"font-weight: 400;\"> A favor.<\/span><\/p>\n<p><b>Fundamentos<\/b><\/p>\n<ul>\n<li style=\"font-weight: 400;\" aria-level=\"1\"><span style=\"font-weight: 400;\">Consenso hist\u00f3rico acorde a la Constituci\u00f3n Nacional.<\/span>&nbsp;<\/li>\n<li style=\"font-weight: 400;\" aria-level=\"1\"><span style=\"font-weight: 400;\">Memoria y educaci\u00f3n como pol\u00edtica de Estado transversal.<\/span>&nbsp;<\/li>\n<li style=\"font-weight: 400;\" aria-level=\"1\"><span style=\"font-weight: 400;\">Recursos estrat\u00e9gicos protegidos por mandato constitucional.<\/span>&nbsp;<\/li>\n<\/ul>\n<p><b>Qu\u00e9 cambia para nuestros vecinos<\/b><b><br \/>\n<\/b><span style=\"font-weight: 400;\"> Un compromiso expl\u00edcito de Santa Fe con una causa nacional que educa, une y proyecta futuro.<\/span><\/p>\n<p><b>Referencia de dictamen<\/b><b><br \/>\n<\/b><span style=\"font-weight: 400;\"> Comisi\u00f3n de Declaraciones y Disposiciones Generales \u2014 Dictamen de mayor\u00eda.<\/span><\/p>\n<p><b>Medidas de acci\u00f3n positiva<br \/>\n<\/b><b>Qu\u00e9 se vota<\/b><b><br \/>\n<\/b><span style=\"font-weight: 400;\"> Reconocer desigualdades estructurales y obligar al Estado a adoptar medidas de acci\u00f3n positiva para garantizar igualdad y no discriminaci\u00f3n, priorizando ni\u00f1ez, mujeres y diversidades, juventudes, personas mayores y con discapacidad, pueblos originarios y equidad territorial.<\/span><\/p>\n<p><b>Mi voto:<\/b><span style=\"font-weight: 400;\"> A favor.<\/span><\/p>\n<p><b>Fundamentos<\/b><\/p>\n<ul>\n<li style=\"font-weight: 400;\" aria-level=\"1\"><span style=\"font-weight: 400;\">Pasa del enunciado general de igualdad a obligaciones concretas para remover barreras y ampliar oportunidades reales.<\/span>&nbsp;<\/li>\n<li style=\"font-weight: 400;\" aria-level=\"1\"><span style=\"font-weight: 400;\">Enfoca pol\u00edticas en grupos con desventaja estructural, con perspectiva de derechos, autonom\u00eda, accesibilidad y dise\u00f1o universal.<\/span>&nbsp;<\/li>\n<li style=\"font-weight: 400;\" aria-level=\"1\"><span style=\"font-weight: 400;\">Incorpora equidad territorial, clave para localidades del interior con brechas de infraestructura y acceso a servicios.<\/span>&nbsp;<\/li>\n<\/ul>\n<p><b>Qu\u00e9 cambia para nuestros vecinos<\/b><b><br \/>\n<\/b><span style=\"font-weight: 400;\"> Herramientas para pol\u00edticas focalizadas y sostenidas que mejoren acceso a derechos en cada localidad, empezando por quienes m\u00e1s lo necesitan.<\/span><\/p>\n<p><b>Reconocimiento de Colegios y Consejos Profesionales<br \/>\n<\/b><b>Qu\u00e9 se vota<\/b><b><br \/>\n<\/b><span style=\"font-weight: 400;\"> Reconocer constitucionalmente a los Colegios y Consejos Profesionales creados por ley, consolidando su existencia y funciones p\u00fablicas delegadas.<\/span><\/p>\n<p><b>Mi voto:<\/b><span style=\"font-weight: 400;\"> A favor.<\/span><\/p>\n<p><b>Fundamentos<\/b><\/p>\n<ul>\n<li style=\"font-weight: 400;\" aria-level=\"1\"><span style=\"font-weight: 400;\">Aporta seguridad jur\u00eddica al ejercicio profesional, a la matr\u00edcula y al rol de control del inter\u00e9s p\u00fablico.<\/span>&nbsp;<\/li>\n<li style=\"font-weight: 400;\" aria-level=\"1\"><span style=\"font-weight: 400;\">Ordena representaci\u00f3n y responsabilidades, fortaleciendo est\u00e1ndares \u00e9ticos y la calidad de servicios profesionales.<\/span>&nbsp;<\/li>\n<li style=\"font-weight: 400;\" aria-level=\"1\"><span style=\"font-weight: 400;\">Responde un reclamo hist\u00f3rico de entidades santafesinas y mejora el v\u00ednculo entre Estado, profesi\u00f3n y comunidad.<\/span>&nbsp;<\/li>\n<\/ul>\n<p><b>Qu\u00e9 cambia para nuestros vecinos<\/b><b><br \/>\n<\/b><span style=\"font-weight: 400;\"> M\u00e1s certezas y calidad en servicios profesionales, con mejores resguardos para usuarios y para quienes ejercen su profesi\u00f3n.<\/span><\/p>\n<p><b>Mecanismos de participaci\u00f3n ciudadana y democracia semidirecta<br \/>\n<\/b><b>Qu\u00e9 se vota<\/b><b><br \/>\n<\/b><span style=\"font-weight: 400;\"> Incorporar mecanismos de participaci\u00f3n directa: iniciativa popular legislativa, refer\u00e9ndum vinculante con excepciones, consulta popular no vinculante y revocatoria de mandato bajo condiciones.<\/span><\/p>\n<p><b>Mi voto:<\/b><span style=\"font-weight: 400;\"> A favor.<\/span><\/p>\n<p><b>Fundamentos<\/b><\/p>\n<ul>\n<li style=\"font-weight: 400;\" aria-level=\"1\"><span style=\"font-weight: 400;\">Abre canales para que la ciudadan\u00eda proponga, opine y controle decisiones en asuntos de inter\u00e9s general.<\/span>&nbsp;<\/li>\n<li style=\"font-weight: 400;\" aria-level=\"1\"><span style=\"font-weight: 400;\">Refuerza la legitimidad de las pol\u00edticas p\u00fablicas con reglas claras, publicidad de actos y participaci\u00f3n amplia.<\/span>&nbsp;<\/li>\n<li style=\"font-weight: 400;\" aria-level=\"1\"><span style=\"font-weight: 400;\">Establece herramientas equilibradas que complementan la representaci\u00f3n y fortalecen cultura c\u00edvica.<\/span>&nbsp;<\/li>\n<\/ul>\n<p><b>Qu\u00e9 cambia para nuestros vecinos<\/b><b><br \/>\n<\/b><span style=\"font-weight: 400;\"> M\u00e1s instrumentos para impulsar proyectos, someter leyes a decisi\u00f3n ciudadana y exigir cuentas a funcionarios electos.<\/span><\/p>\n","protected":false},"excerpt":{"rendered":"<p>Ac\u00e1 presento, en un solo lugar, mis votos y fundamentos sobre los principales temas de la Convenci\u00f3n. Mientras la Comisi\u00f3n&nbsp;<\/p>\n","protected":false},"author":1,"featured_media":15816,"comment_status":"open","ping_status":"open","sticky":false,"template":"","format":"standard","meta":{"_acf_changed":false,"_joinchat":[],"footnotes":""},"categories":[2],"tags":[],"class_list":["post-15815","post","type-post","status-publish","format-standard","has-post-thumbnail","hentry","category-novedades"],"acf":[],"_links":{"self":[{"href":"https:\/\/rubenpirola.com\/nuevo\/wp-json\/wp\/v2\/posts\/15815","targetHints":{"allow":["GET"]}}],"collection":[{"href":"https:\/\/rubenpirola.com\/nuevo\/wp-json\/wp\/v2\/posts"}],"about":[{"href":"https:\/\/rubenpirola.com\/nuevo\/wp-json\/wp\/v2\/types\/post"}],"author":[{"embeddable":true,"href":"https:\/\/rubenpirola.com\/nuevo\/wp-json\/wp\/v2\/users\/1"}],"replies":[{"embeddable":true,"href":"https:\/\/rubenpirola.com\/nuevo\/wp-json\/wp\/v2\/comments?post=15815"}],"version-history":[{"count":2,"href":"https:\/\/rubenpirola.com\/nuevo\/wp-json\/wp\/v2\/posts\/15815\/revisions"}],"predecessor-version":[{"id":15818,"href":"https:\/\/rubenpirola.com\/nuevo\/wp-json\/wp\/v2\/posts\/15815\/revisions\/15818"}],"wp:featuredmedia":[{"embeddable":true,"href":"https:\/\/rubenpirola.com\/nuevo\/wp-json\/wp\/v2\/media\/15816"}],"wp:attachment":[{"href":"https:\/\/rubenpirola.com\/nuevo\/wp-json\/wp\/v2\/media?parent=15815"}],"wp:term":[{"taxonomy":"category","embeddable":true,"href":"https:\/\/rubenpirola.com\/nuevo\/wp-json\/wp\/v2\/categories?post=15815"},{"taxonomy":"post_tag","embeddable":true,"href":"https:\/\/rubenpirola.com\/nuevo\/wp-json\/wp\/v2\/tags?post=15815"}],"curies":[{"name":"wp","href":"https:\/\/api.w.org\/{rel}","templated":true}]}}