{"id":15819,"date":"2025-08-28T14:01:55","date_gmt":"2025-08-28T17:01:55","guid":{"rendered":"https:\/\/rubenpirola.com\/nuevo\/?p=15819"},"modified":"2025-08-28T14:01:55","modified_gmt":"2025-08-28T17:01:55","slug":"reglas-iguales-para-todos-la-decision-en-manos-de-nuestros-vecinos","status":"publish","type":"post","link":"https:\/\/rubenpirola.com\/nuevo\/reglas-iguales-para-todos-la-decision-en-manos-de-nuestros-vecinos\/","title":{"rendered":"Reglas iguales para todos. La decisi\u00f3n, en manos de nuestros vecinos."},"content":{"rendered":"<p>La mayor\u00eda del bloque M\u00e1s para Santa Fe, votamos afirmativamente un est\u00e1ndar com\u00fan para quienes protagonizan la actividad pol\u00edtica.<\/p>\n<p>Lo digo con claridad: una sola regla para todos y la posibilidad de ser electos siempre en manos de la ciudadan\u00eda.<\/p>\n<p>\u00bfDe qu\u00e9 hablamos cuando hablamos de un est\u00e1ndar com\u00fan? De una norma general que no se escribe para un nombre propio, sino para ordenar la competencia democr\u00e1tica con tres pilares n\u00edtidos: l\u00edmite de tiempo, tiempos institucionales definidos y misma exigencia para cualquiera que aspire a conducir la provincia: mostrar resultados y rendir cuentas.<\/p>\n<p>Ese est\u00e1ndar se expresa en disposiciones concretas: mandato de Gobernador y Vice de cuatro a\u00f1os, con una sola reelecci\u00f3n consecutiva. Y se completa con una rampa de control m\u00e1s alta: ser\u00e1n sujetos de juicio pol\u00edtico el Gobernador, la Vice y sus sustitutos legales; los ministros; el Fiscal de Estado; los miembros de la Corte Suprema; el Tribunal de Cuentas y todo funcionario cuyo nombramiento exija acuerdo legislativo. Es decir, m\u00e1s responsabilidades, m\u00e1s trazabilidad, menos opacidad.<\/p>\n<p>Quiero detenerme en un punto de coherencia, porque la coherencia democr\u00e1tica tambi\u00e9n se construye en el dise\u00f1o institucional. Ser\u00eda hip\u00f3crita \u2014y todos lo sabemos\u2014 usufructuar la posibilidad de reelecci\u00f3n cuando nos beneficia en lo personal y negarla cuando la pretende otro. Esa doble vara es una de las pr\u00e1cticas m\u00e1s lesivas para la democracia representativa: degrada el debate y convierte las posiciones pol\u00edticas en c\u00e1lculo de ocasi\u00f3n, lo que resulta en erosi\u00f3n permanente de la confianza de los ciudadanos. Nosotros elegimos lo contrario: misma regla para todos, siempre, aunque esta posici\u00f3n hoy sea inc\u00f3moda. Esa incomodidad, lejos de ser un defecto, es se\u00f1al de coherencia.<\/p>\n<p>Este voto de la mayor\u00eda del Bloque M\u00e1s para Santa Fe es un compromiso con reglas por encima de los nombres, con madurez democr\u00e1tica frente al c\u00e1lculo coyuntural, es respeto por la dignidad del votante que decide cada vez. Acompa\u00f1amos la creaci\u00f3n de un m\u00e9todo que nos obliga a todos. Misma regla, misma exigencia, mismo control.<\/p>\n<p>Por eso la mayor\u00eda de M\u00e1s para Santa Fe vota as\u00ed. Porque la actividad pol\u00edtica mejora cuando renuncia a la doble vara y acepta un est\u00e1ndar que la trasciende. Porque menos c\u00e1lculo de ocasi\u00f3n y m\u00e1s responsabilidad ante nuestros vecinos, aunque en un primer momento parezca inc\u00f3modo, es un modo de estar en la vida p\u00fablica.<\/p>\n<p>Reglas iguales para todos. La decisi\u00f3n, en manos de nuestros vecinos. Ese es nuestro norte. Ese es nuestro voto.<\/p>\n<p><iframe loading=\"lazy\" title=\"Reglas iguales para todos. La decisi\u00f3n, en manos de nuestros vecinos.\" src=\"https:\/\/www.youtube.com\/embed\/WcL9LtVz8dE\" width=\"681\" height=\"383\" frameborder=\"0\" allowfullscreen=\"allowfullscreen\"><\/iframe><\/p>\n","protected":false},"excerpt":{"rendered":"<p>La mayor\u00eda del bloque M\u00e1s para Santa Fe, votamos afirmativamente un est\u00e1ndar com\u00fan para quienes protagonizan la actividad pol\u00edtica. Lo&nbsp;<\/p>\n","protected":false},"author":1,"featured_media":15820,"comment_status":"open","ping_status":"open","sticky":false,"template":"","format":"standard","meta":{"_acf_changed":false,"_joinchat":[],"footnotes":""},"categories":[2],"tags":[],"class_list":["post-15819","post","type-post","status-publish","format-standard","has-post-thumbnail","hentry","category-novedades"],"acf":[],"_links":{"self":[{"href":"https:\/\/rubenpirola.com\/nuevo\/wp-json\/wp\/v2\/posts\/15819","targetHints":{"allow":["GET"]}}],"collection":[{"href":"https:\/\/rubenpirola.com\/nuevo\/wp-json\/wp\/v2\/posts"}],"about":[{"href":"https:\/\/rubenpirola.com\/nuevo\/wp-json\/wp\/v2\/types\/post"}],"author":[{"embeddable":true,"href":"https:\/\/rubenpirola.com\/nuevo\/wp-json\/wp\/v2\/users\/1"}],"replies":[{"embeddable":true,"href":"https:\/\/rubenpirola.com\/nuevo\/wp-json\/wp\/v2\/comments?post=15819"}],"version-history":[{"count":1,"href":"https:\/\/rubenpirola.com\/nuevo\/wp-json\/wp\/v2\/posts\/15819\/revisions"}],"predecessor-version":[{"id":15821,"href":"https:\/\/rubenpirola.com\/nuevo\/wp-json\/wp\/v2\/posts\/15819\/revisions\/15821"}],"wp:featuredmedia":[{"embeddable":true,"href":"https:\/\/rubenpirola.com\/nuevo\/wp-json\/wp\/v2\/media\/15820"}],"wp:attachment":[{"href":"https:\/\/rubenpirola.com\/nuevo\/wp-json\/wp\/v2\/media?parent=15819"}],"wp:term":[{"taxonomy":"category","embeddable":true,"href":"https:\/\/rubenpirola.com\/nuevo\/wp-json\/wp\/v2\/categories?post=15819"},{"taxonomy":"post_tag","embeddable":true,"href":"https:\/\/rubenpirola.com\/nuevo\/wp-json\/wp\/v2\/tags?post=15819"}],"curies":[{"name":"wp","href":"https:\/\/api.w.org\/{rel}","templated":true}]}}