{"id":15823,"date":"2025-09-05T21:52:53","date_gmt":"2025-09-06T00:52:53","guid":{"rendered":"https:\/\/rubenpirola.com\/nuevo\/?p=15823"},"modified":"2025-09-05T21:52:53","modified_gmt":"2025-09-06T00:52:53","slug":"educacion-produccion-y-ambiente-una-agenda-que-sostiene-nuestro-trabajo-en-las-colonias","status":"publish","type":"post","link":"https:\/\/rubenpirola.com\/nuevo\/educacion-produccion-y-ambiente-una-agenda-que-sostiene-nuestro-trabajo-en-las-colonias\/","title":{"rendered":"Educaci\u00f3n, producci\u00f3n y ambiente: una agenda que sostiene nuestro trabajo en Las Colonias"},"content":{"rendered":"<p data-start=\"247\" data-end=\"481\">Cumplir con la responsabilidad de expresar la voz de Las Colonias en la Convenci\u00f3n Reformadora <strong data-start=\"381\" data-end=\"423\">se da a la par del trabajo territorial<\/strong> que realizamos junto a cada comunidad del departamento.<\/p>\n<p data-start=\"483\" data-end=\"837\">En Esperanza, Alejandra recorri\u00f3 la <strong data-start=\"519\" data-end=\"565\">Escuela Primaria N\u00b0 315 \u201cAaron Castellano\u201d<\/strong>, el <strong data-start=\"570\" data-end=\"598\">Esperanza Autom\u00f3vil Club<\/strong> y el <strong data-start=\"604\" data-end=\"616\">SIES 107<\/strong>. A trav\u00e9s de ese contacto directo conocimos necesidades y avances, siempre con la certeza de que lo esencial est\u00e1 en quienes ponen el cuerpo todos los d\u00edas. Mi compromiso es acompa\u00f1ar ese esfuerzo con hechos concretos.<\/p>\n<p data-start=\"839\" data-end=\"1229\">En Franck, particip\u00e9 del <strong data-start=\"864\" data-end=\"889\">centenario de Milkaut<\/strong> y entregu\u00e9 la <strong data-start=\"904\" data-end=\"956\">declaraci\u00f3n de inter\u00e9s de la C\u00e1mara de Senadores<\/strong>, un reconocimiento a generaciones de tamberos, trabajadores y familias que hicieron de la lecher\u00eda identidad y crecimiento para nuestra regi\u00f3n. Desde mi lugar, sostengo el compromiso de legislar y gestionar para acompa\u00f1ar su desarrollo con innovaci\u00f3n, calidad y arraigo.<\/p>\n<p data-start=\"1231\" data-end=\"1501\">Adem\u00e1s, el programa <strong data-start=\"1251\" data-end=\"1275\">Las Colonias Recicla<\/strong> sum\u00f3 nuevos contenedores de papel y cart\u00f3n en <strong data-start=\"1322\" data-end=\"1373\">Humboldt, San Jer\u00f3nimo Norte y San Carlos Norte<\/strong>. Lo recuperado se transforma en aislantes t\u00e9rmicos y ac\u00fasticos sustentables gracias al compromiso de instituciones y vecinos.<\/p>\n<p data-start=\"1503\" data-end=\"1710\">As\u00ed seguimos construyendo en positivo: con debates de fondo en la reforma constitucional y con un trabajo territorial que integra educaci\u00f3n, producci\u00f3n y ambiente en cada localidad de nuestro departamento.<\/p>\n<div id=\"lightgallery\" class=\"single-gallery\"><div class=\"gallery-item\" data-responsive=\"https:\/\/rubenpirola.com\/nuevo\/wp-content\/uploads\/2025\/09\/1-300x188.jpeg 375, https:\/\/rubenpirola.com\/nuevo\/wp-content\/uploads\/2025\/09\/1-300x188.jpeg 480, https:\/\/rubenpirola.com\/nuevo\/wp-content\/uploads\/2025\/09\/1-300x188.jpeg 800\" data-src=\"https:\/\/rubenpirola.com\/nuevo\/wp-content\/uploads\/2025\/09\/1-768x576.jpeg\" data-sub-html=\"<h4>Educaci\u00f3n, producci\u00f3n y ambiente: una agenda que sostiene nuestro trabajo en Las Colonias<\/h4>\"><a href=\"\" class=\"gallery-item-link relative mb-0\"><img decoding=\"async\" class=\"img-responsive\" src=\"https:\/\/rubenpirola.com\/nuevo\/wp-content\/uploads\/2025\/09\/1-300x188.jpeg\"><div class=\"over fs32\"><i class=\"fa fa-search c-white\"><\/i><\/div><\/a><\/div><div class=\"gallery-item\" data-responsive=\"https:\/\/rubenpirola.com\/nuevo\/wp-content\/uploads\/2025\/09\/2-300x218.jpeg 375, https:\/\/rubenpirola.com\/nuevo\/wp-content\/uploads\/2025\/09\/2-300x218.jpeg 480, https:\/\/rubenpirola.com\/nuevo\/wp-content\/uploads\/2025\/09\/2-300x218.jpeg 800\" data-src=\"https:\/\/rubenpirola.com\/nuevo\/wp-content\/uploads\/2025\/09\/2-768x576.jpeg\" data-sub-html=\"<h4>Educaci\u00f3n, producci\u00f3n y ambiente: una agenda que sostiene nuestro trabajo en Las Colonias<\/h4>\"><a href=\"\" class=\"gallery-item-link relative mb-0\"><img decoding=\"async\" class=\"img-responsive\" src=\"https:\/\/rubenpirola.com\/nuevo\/wp-content\/uploads\/2025\/09\/2-300x218.jpeg\"><div class=\"over fs32\"><i class=\"fa fa-search c-white\"><\/i><\/div><\/a><\/div><div class=\"gallery-item\" data-responsive=\"https:\/\/rubenpirola.com\/nuevo\/wp-content\/uploads\/2025\/09\/3-300x182.jpeg 375, https:\/\/rubenpirola.com\/nuevo\/wp-content\/uploads\/2025\/09\/3-300x182.jpeg 480, https:\/\/rubenpirola.com\/nuevo\/wp-content\/uploads\/2025\/09\/3-300x182.jpeg 800\" data-src=\"https:\/\/rubenpirola.com\/nuevo\/wp-content\/uploads\/2025\/09\/3-768x576.jpeg\" data-sub-html=\"<h4>Educaci\u00f3n, producci\u00f3n y ambiente: una agenda que sostiene nuestro trabajo en Las Colonias<\/h4>\"><a href=\"\" class=\"gallery-item-link relative mb-0\"><img decoding=\"async\" class=\"img-responsive\" src=\"https:\/\/rubenpirola.com\/nuevo\/wp-content\/uploads\/2025\/09\/3-300x182.jpeg\"><div class=\"over fs32\"><i class=\"fa fa-search c-white\"><\/i><\/div><\/a><\/div><div class=\"gallery-item\" data-responsive=\"https:\/\/rubenpirola.com\/nuevo\/wp-content\/uploads\/2025\/09\/4-300x169.jpeg 375, https:\/\/rubenpirola.com\/nuevo\/wp-content\/uploads\/2025\/09\/4-300x169.jpeg 480, https:\/\/rubenpirola.com\/nuevo\/wp-content\/uploads\/2025\/09\/4-300x169.jpeg 800\" data-src=\"https:\/\/rubenpirola.com\/nuevo\/wp-content\/uploads\/2025\/09\/4-768x576.jpeg\" data-sub-html=\"<h4>Educaci\u00f3n, producci\u00f3n y ambiente: una agenda que sostiene nuestro trabajo en Las Colonias<\/h4>\"><a href=\"\" class=\"gallery-item-link relative mb-0\"><img decoding=\"async\" class=\"img-responsive\" src=\"https:\/\/rubenpirola.com\/nuevo\/wp-content\/uploads\/2025\/09\/4-300x169.jpeg\"><div class=\"over fs32\"><i class=\"fa fa-search c-white\"><\/i><\/div><\/a><\/div><\/div>\n","protected":false},"excerpt":{"rendered":"<p>Cumplir con la responsabilidad de expresar la voz de Las Colonias en la Convenci\u00f3n Reformadora se da a la par&nbsp;<\/p>\n","protected":false},"author":1,"featured_media":15824,"comment_status":"open","ping_status":"open","sticky":false,"template":"","format":"standard","meta":{"_acf_changed":false,"_joinchat":[],"footnotes":""},"categories":[2],"tags":[],"class_list":["post-15823","post","type-post","status-publish","format-standard","has-post-thumbnail","hentry","category-novedades"],"acf":[],"_links":{"self":[{"href":"https:\/\/rubenpirola.com\/nuevo\/wp-json\/wp\/v2\/posts\/15823","targetHints":{"allow":["GET"]}}],"collection":[{"href":"https:\/\/rubenpirola.com\/nuevo\/wp-json\/wp\/v2\/posts"}],"about":[{"href":"https:\/\/rubenpirola.com\/nuevo\/wp-json\/wp\/v2\/types\/post"}],"author":[{"embeddable":true,"href":"https:\/\/rubenpirola.com\/nuevo\/wp-json\/wp\/v2\/users\/1"}],"replies":[{"embeddable":true,"href":"https:\/\/rubenpirola.com\/nuevo\/wp-json\/wp\/v2\/comments?post=15823"}],"version-history":[{"count":1,"href":"https:\/\/rubenpirola.com\/nuevo\/wp-json\/wp\/v2\/posts\/15823\/revisions"}],"predecessor-version":[{"id":15828,"href":"https:\/\/rubenpirola.com\/nuevo\/wp-json\/wp\/v2\/posts\/15823\/revisions\/15828"}],"wp:featuredmedia":[{"embeddable":true,"href":"https:\/\/rubenpirola.com\/nuevo\/wp-json\/wp\/v2\/media\/15824"}],"wp:attachment":[{"href":"https:\/\/rubenpirola.com\/nuevo\/wp-json\/wp\/v2\/media?parent=15823"}],"wp:term":[{"taxonomy":"category","embeddable":true,"href":"https:\/\/rubenpirola.com\/nuevo\/wp-json\/wp\/v2\/categories?post=15823"},{"taxonomy":"post_tag","embeddable":true,"href":"https:\/\/rubenpirola.com\/nuevo\/wp-json\/wp\/v2\/tags?post=15823"}],"curies":[{"name":"wp","href":"https:\/\/api.w.org\/{rel}","templated":true}]}}