{"id":15830,"date":"2025-09-10T19:44:36","date_gmt":"2025-09-10T22:44:36","guid":{"rendered":"https:\/\/rubenpirola.com\/nuevo\/?p=15830"},"modified":"2025-09-11T11:44:52","modified_gmt":"2025-09-11T14:44:52","slug":"una-labor-cumplida-en-la-convencion-reformadora","status":"publish","type":"post","link":"https:\/\/rubenpirola.com\/nuevo\/una-labor-cumplida-en-la-convencion-reformadora\/","title":{"rendered":"Una labor cumplida en la Convenci\u00f3n Reformadora"},"content":{"rendered":"<p>La emoci\u00f3n de este momento es dif\u00edcil de describir. Haber sido parte de la Convenci\u00f3n Reformadora es una experiencia \u00fanica, de esas que dif\u00edcilmente se repiten en la vida p\u00fablica.<\/p>\n<p>Junto a mis once compa\u00f1eros del bloque M\u00e1s para Santa Fe trabajamos con una convicci\u00f3n clara: defender derechos y garant\u00edas pensando en la provincia que somos y, sobre todo, en la que queremos dejar a las pr\u00f3ximas generaciones. En ese camino, el debate, la escucha y la diversidad nos permitieron enriquecer cada art\u00edculo discutido, m\u00e1s all\u00e1 de las diferencias.<\/p>\n<p>La nueva Constituci\u00f3n no es la ideal ni la que so\u00f1\u00e1bamos plenamente, pero s\u00ed representa un avance real: ampl\u00eda derechos en salud, educaci\u00f3n, discapacidad, cultura, Malvinas, cooperativas y bibliotecas p\u00fablicas; defiende empresas estatales y la Caja de Jubilaciones; incorpora mecanismos de participaci\u00f3n ciudadana y fortalece el equilibrio de poderes, entre otras.<\/p>\n<p>Me voy con la tranquilidad de que dimos todo, sin reproches, convencidos de haber cumplido con nuestra responsabilidad y de haber honrado la confianza de cada vecino de Las Colonias.<\/p>\n<p>Este es apenas un punto de partida. El verdadero desaf\u00edo comienza ahora: transformar este texto en leyes y en pol\u00edticas que hagan de Santa Fe una provincia mejor para todos.<\/p>\n<p><iframe loading=\"lazy\" title=\"Convenci\u00f3n Reformadora: Intervenci\u00f3n Final\" src=\"https:\/\/www.youtube.com\/embed\/9R8W0ketf90\" width=\"651\" height=\"383\" frameborder=\"0\" allowfullscreen=\"allowfullscreen\"><\/iframe><\/p>\n","protected":false},"excerpt":{"rendered":"<p>La emoci\u00f3n de este momento es dif\u00edcil de describir. Haber sido parte de la Convenci\u00f3n Reformadora es una experiencia \u00fanica,&nbsp;<\/p>\n","protected":false},"author":1,"featured_media":15833,"comment_status":"open","ping_status":"open","sticky":false,"template":"","format":"standard","meta":{"_acf_changed":false,"_joinchat":[],"footnotes":""},"categories":[2],"tags":[],"class_list":["post-15830","post","type-post","status-publish","format-standard","has-post-thumbnail","hentry","category-novedades"],"acf":[],"_links":{"self":[{"href":"https:\/\/rubenpirola.com\/nuevo\/wp-json\/wp\/v2\/posts\/15830","targetHints":{"allow":["GET"]}}],"collection":[{"href":"https:\/\/rubenpirola.com\/nuevo\/wp-json\/wp\/v2\/posts"}],"about":[{"href":"https:\/\/rubenpirola.com\/nuevo\/wp-json\/wp\/v2\/types\/post"}],"author":[{"embeddable":true,"href":"https:\/\/rubenpirola.com\/nuevo\/wp-json\/wp\/v2\/users\/1"}],"replies":[{"embeddable":true,"href":"https:\/\/rubenpirola.com\/nuevo\/wp-json\/wp\/v2\/comments?post=15830"}],"version-history":[{"count":2,"href":"https:\/\/rubenpirola.com\/nuevo\/wp-json\/wp\/v2\/posts\/15830\/revisions"}],"predecessor-version":[{"id":15834,"href":"https:\/\/rubenpirola.com\/nuevo\/wp-json\/wp\/v2\/posts\/15830\/revisions\/15834"}],"wp:featuredmedia":[{"embeddable":true,"href":"https:\/\/rubenpirola.com\/nuevo\/wp-json\/wp\/v2\/media\/15833"}],"wp:attachment":[{"href":"https:\/\/rubenpirola.com\/nuevo\/wp-json\/wp\/v2\/media?parent=15830"}],"wp:term":[{"taxonomy":"category","embeddable":true,"href":"https:\/\/rubenpirola.com\/nuevo\/wp-json\/wp\/v2\/categories?post=15830"},{"taxonomy":"post_tag","embeddable":true,"href":"https:\/\/rubenpirola.com\/nuevo\/wp-json\/wp\/v2\/tags?post=15830"}],"curies":[{"name":"wp","href":"https:\/\/api.w.org\/{rel}","templated":true}]}}