{"id":15837,"date":"2025-09-17T14:37:27","date_gmt":"2025-09-17T17:37:27","guid":{"rendered":"https:\/\/rubenpirola.com\/nuevo\/?p=15837"},"modified":"2025-09-17T14:38:34","modified_gmt":"2025-09-17T17:38:34","slug":"jovenes-de-las-colonias-en-el-senado","status":"publish","type":"post","link":"https:\/\/rubenpirola.com\/nuevo\/jovenes-de-las-colonias-en-el-senado\/","title":{"rendered":"J\u00f3venes de Las Colonias en el Senado"},"content":{"rendered":"<p data-start=\"180\" data-end=\"340\">Fueron varias las jornadas en las que abrimos las puertas del Senado a los j\u00f3venes de nuestras localidades en el marco del programa Ciudadanos en el Senado.<\/p>\n<p data-start=\"342\" data-end=\"624\">Estoy convencido de que abrir el Senado a nuestros j\u00f3venes es hacer en positivo para contribuir a generar una ciudadan\u00eda m\u00e1s fuerte, cr\u00edtica y comprometida con la actividad p\u00fablica, porque esta es la \u00fanica manera de seguir sumando a la transformaci\u00f3n necesaria de la pol\u00edtica.<\/p>\n<p data-start=\"626\" data-end=\"786\">En cada encuentro, su mirada, sus preguntas y su energ\u00eda dejaron en claro que la pol\u00edtica se fortalece con la participaci\u00f3n activa de las nuevas generaciones.<\/p>\n<p data-start=\"788\" data-end=\"924\">Ese entusiasmo renueva la convicci\u00f3n de que el futuro se construye escuchando y dando lugar a quienes est\u00e1n llamados a protagonizarlo.<\/p>\n<div id=\"lightgallery\" class=\"single-gallery\"><div class=\"gallery-item\" data-responsive=\"https:\/\/rubenpirola.com\/nuevo\/wp-content\/uploads\/2025\/09\/DSC_6617-300x200.jpg 375, https:\/\/rubenpirola.com\/nuevo\/wp-content\/uploads\/2025\/09\/DSC_6617-300x200.jpg 480, https:\/\/rubenpirola.com\/nuevo\/wp-content\/uploads\/2025\/09\/DSC_6617-300x200.jpg 800\" data-src=\"https:\/\/rubenpirola.com\/nuevo\/wp-content\/uploads\/2025\/09\/DSC_6617-768x576.jpg\" data-sub-html=\"<h4>J\u00f3venes de Las Colonias en el Senado<\/h4>\"><a href=\"\" class=\"gallery-item-link relative mb-0\"><img decoding=\"async\" class=\"img-responsive\" src=\"https:\/\/rubenpirola.com\/nuevo\/wp-content\/uploads\/2025\/09\/DSC_6617-300x200.jpg\"><div class=\"over fs32\"><i class=\"fa fa-search c-white\"><\/i><\/div><\/a><\/div><div class=\"gallery-item\" data-responsive=\"https:\/\/rubenpirola.com\/nuevo\/wp-content\/uploads\/2025\/09\/DSC_6622-300x200.jpg 375, https:\/\/rubenpirola.com\/nuevo\/wp-content\/uploads\/2025\/09\/DSC_6622-300x200.jpg 480, https:\/\/rubenpirola.com\/nuevo\/wp-content\/uploads\/2025\/09\/DSC_6622-300x200.jpg 800\" data-src=\"https:\/\/rubenpirola.com\/nuevo\/wp-content\/uploads\/2025\/09\/DSC_6622-768x576.jpg\" data-sub-html=\"<h4>J\u00f3venes de Las Colonias en el Senado<\/h4>\"><a href=\"\" class=\"gallery-item-link relative mb-0\"><img decoding=\"async\" class=\"img-responsive\" src=\"https:\/\/rubenpirola.com\/nuevo\/wp-content\/uploads\/2025\/09\/DSC_6622-300x200.jpg\"><div class=\"over fs32\"><i class=\"fa fa-search c-white\"><\/i><\/div><\/a><\/div><div class=\"gallery-item\" data-responsive=\"https:\/\/rubenpirola.com\/nuevo\/wp-content\/uploads\/2025\/09\/DSC_6624-300x200.jpg 375, https:\/\/rubenpirola.com\/nuevo\/wp-content\/uploads\/2025\/09\/DSC_6624-300x200.jpg 480, https:\/\/rubenpirola.com\/nuevo\/wp-content\/uploads\/2025\/09\/DSC_6624-300x200.jpg 800\" data-src=\"https:\/\/rubenpirola.com\/nuevo\/wp-content\/uploads\/2025\/09\/DSC_6624-768x576.jpg\" data-sub-html=\"<h4>J\u00f3venes de Las Colonias en el Senado<\/h4>\"><a href=\"\" class=\"gallery-item-link relative mb-0\"><img decoding=\"async\" class=\"img-responsive\" src=\"https:\/\/rubenpirola.com\/nuevo\/wp-content\/uploads\/2025\/09\/DSC_6624-300x200.jpg\"><div class=\"over fs32\"><i class=\"fa fa-search c-white\"><\/i><\/div><\/a><\/div><div class=\"gallery-item\" data-responsive=\"https:\/\/rubenpirola.com\/nuevo\/wp-content\/uploads\/2025\/09\/WhatsApp-Image-2025-09-10-at-11.33.47-300x169.jpeg 375, https:\/\/rubenpirola.com\/nuevo\/wp-content\/uploads\/2025\/09\/WhatsApp-Image-2025-09-10-at-11.33.47-300x169.jpeg 480, https:\/\/rubenpirola.com\/nuevo\/wp-content\/uploads\/2025\/09\/WhatsApp-Image-2025-09-10-at-11.33.47-300x169.jpeg 800\" data-src=\"https:\/\/rubenpirola.com\/nuevo\/wp-content\/uploads\/2025\/09\/WhatsApp-Image-2025-09-10-at-11.33.47-768x576.jpeg\" data-sub-html=\"<h4>J\u00f3venes de Las Colonias en el Senado<\/h4>\"><a href=\"\" class=\"gallery-item-link relative mb-0\"><img decoding=\"async\" class=\"img-responsive\" src=\"https:\/\/rubenpirola.com\/nuevo\/wp-content\/uploads\/2025\/09\/WhatsApp-Image-2025-09-10-at-11.33.47-300x169.jpeg\"><div class=\"over fs32\"><i class=\"fa fa-search c-white\"><\/i><\/div><\/a><\/div><div class=\"gallery-item\" data-responsive=\"https:\/\/rubenpirola.com\/nuevo\/wp-content\/uploads\/2025\/09\/WhatsApp-Image-2025-09-10-at-11.33.49-300x169.jpeg 375, https:\/\/rubenpirola.com\/nuevo\/wp-content\/uploads\/2025\/09\/WhatsApp-Image-2025-09-10-at-11.33.49-300x169.jpeg 480, https:\/\/rubenpirola.com\/nuevo\/wp-content\/uploads\/2025\/09\/WhatsApp-Image-2025-09-10-at-11.33.49-300x169.jpeg 800\" data-src=\"https:\/\/rubenpirola.com\/nuevo\/wp-content\/uploads\/2025\/09\/WhatsApp-Image-2025-09-10-at-11.33.49-768x576.jpeg\" data-sub-html=\"<h4>J\u00f3venes de Las Colonias en el Senado<\/h4>\"><a href=\"\" class=\"gallery-item-link relative mb-0\"><img decoding=\"async\" class=\"img-responsive\" src=\"https:\/\/rubenpirola.com\/nuevo\/wp-content\/uploads\/2025\/09\/WhatsApp-Image-2025-09-10-at-11.33.49-300x169.jpeg\"><div class=\"over fs32\"><i class=\"fa fa-search c-white\"><\/i><\/div><\/a><\/div><\/div>\n","protected":false},"excerpt":{"rendered":"<p>Fueron varias las jornadas en las que abrimos las puertas del Senado a los j\u00f3venes de nuestras localidades en el&nbsp;<\/p>\n","protected":false},"author":1,"featured_media":15838,"comment_status":"open","ping_status":"open","sticky":false,"template":"","format":"standard","meta":{"_acf_changed":false,"_joinchat":[],"footnotes":""},"categories":[2],"tags":[],"class_list":["post-15837","post","type-post","status-publish","format-standard","has-post-thumbnail","hentry","category-novedades"],"acf":[],"_links":{"self":[{"href":"https:\/\/rubenpirola.com\/nuevo\/wp-json\/wp\/v2\/posts\/15837","targetHints":{"allow":["GET"]}}],"collection":[{"href":"https:\/\/rubenpirola.com\/nuevo\/wp-json\/wp\/v2\/posts"}],"about":[{"href":"https:\/\/rubenpirola.com\/nuevo\/wp-json\/wp\/v2\/types\/post"}],"author":[{"embeddable":true,"href":"https:\/\/rubenpirola.com\/nuevo\/wp-json\/wp\/v2\/users\/1"}],"replies":[{"embeddable":true,"href":"https:\/\/rubenpirola.com\/nuevo\/wp-json\/wp\/v2\/comments?post=15837"}],"version-history":[{"count":2,"href":"https:\/\/rubenpirola.com\/nuevo\/wp-json\/wp\/v2\/posts\/15837\/revisions"}],"predecessor-version":[{"id":15845,"href":"https:\/\/rubenpirola.com\/nuevo\/wp-json\/wp\/v2\/posts\/15837\/revisions\/15845"}],"wp:featuredmedia":[{"embeddable":true,"href":"https:\/\/rubenpirola.com\/nuevo\/wp-json\/wp\/v2\/media\/15838"}],"wp:attachment":[{"href":"https:\/\/rubenpirola.com\/nuevo\/wp-json\/wp\/v2\/media?parent=15837"}],"wp:term":[{"taxonomy":"category","embeddable":true,"href":"https:\/\/rubenpirola.com\/nuevo\/wp-json\/wp\/v2\/categories?post=15837"},{"taxonomy":"post_tag","embeddable":true,"href":"https:\/\/rubenpirola.com\/nuevo\/wp-json\/wp\/v2\/tags?post=15837"}],"curies":[{"name":"wp","href":"https:\/\/api.w.org\/{rel}","templated":true}]}}