{"id":15848,"date":"2025-09-25T20:10:59","date_gmt":"2025-09-25T23:10:59","guid":{"rendered":"https:\/\/rubenpirola.com\/nuevo\/?p=15848"},"modified":"2025-09-25T20:10:59","modified_gmt":"2025-09-25T23:10:59","slug":"fortin-el-tala-preservar-nuestra-historia-para-proyectar-futuro","status":"publish","type":"post","link":"https:\/\/rubenpirola.com\/nuevo\/fortin-el-tala-preservar-nuestra-historia-para-proyectar-futuro\/","title":{"rendered":"Fort\u00edn El Tala: preservar nuestra historia para proyectar futuro"},"content":{"rendered":"<p data-start=\"238\" data-end=\"396\">Obtuvo media sanci\u00f3n en la Legislatura mi iniciativa para que el <strong data-start=\"303\" data-end=\"336\">Fort\u00edn El Tala en San Agust\u00edn<\/strong> sea declarado Patrimonio Hist\u00f3rico y Cultural Provincial.<\/p>\n<p data-start=\"398\" data-end=\"728\">Este lugar, que comenz\u00f3 a funcionar en 1796 como parte de la defensa del territorio, fue escenario del <strong data-start=\"501\" data-end=\"529\">Combate del Tala en 1838<\/strong>, un hecho que marc\u00f3 las luchas por la organizaci\u00f3n institucional de nuestra provincia. Reconocerlo y preservarlo significa valorar un pasado que explica nuestra identidad y da sentido al presente.<\/p>\n<p data-start=\"730\" data-end=\"962\">Quiero resaltar el compromiso del <strong data-start=\"764\" data-end=\"807\">Museo Hist\u00f3rico Regional de San Agust\u00edn<\/strong> y en especial el trabajo de <strong data-start=\"836\" data-end=\"869\">Aurora Beltramino de Marzioni<\/strong>, cuya investigaci\u00f3n y memoria hicieron posible mantener viva la importancia de este sitio.<\/p>\n<p data-start=\"964\" data-end=\"1198\">Avanzar en esta declaraci\u00f3n no es solo un acto de justicia hist\u00f3rica: tambi\u00e9n abre la posibilidad de generar un circuito cultural, educativo y tur\u00edstico que fortalezca la memoria colectiva y cree nuevas oportunidades para la regi\u00f3n.<\/p>\n<p data-start=\"1200\" data-end=\"1282\">Cada paso en este camino reafirma que preservar la historia es construir futuro.<\/p>\n","protected":false},"excerpt":{"rendered":"<p>Obtuvo media sanci\u00f3n en la Legislatura mi iniciativa para que el Fort\u00edn El Tala en San Agust\u00edn sea declarado Patrimonio&nbsp;<\/p>\n","protected":false},"author":1,"featured_media":15849,"comment_status":"open","ping_status":"open","sticky":false,"template":"","format":"standard","meta":{"_acf_changed":false,"_joinchat":[],"footnotes":""},"categories":[2],"tags":[],"class_list":["post-15848","post","type-post","status-publish","format-standard","has-post-thumbnail","hentry","category-novedades"],"acf":[],"_links":{"self":[{"href":"https:\/\/rubenpirola.com\/nuevo\/wp-json\/wp\/v2\/posts\/15848","targetHints":{"allow":["GET"]}}],"collection":[{"href":"https:\/\/rubenpirola.com\/nuevo\/wp-json\/wp\/v2\/posts"}],"about":[{"href":"https:\/\/rubenpirola.com\/nuevo\/wp-json\/wp\/v2\/types\/post"}],"author":[{"embeddable":true,"href":"https:\/\/rubenpirola.com\/nuevo\/wp-json\/wp\/v2\/users\/1"}],"replies":[{"embeddable":true,"href":"https:\/\/rubenpirola.com\/nuevo\/wp-json\/wp\/v2\/comments?post=15848"}],"version-history":[{"count":1,"href":"https:\/\/rubenpirola.com\/nuevo\/wp-json\/wp\/v2\/posts\/15848\/revisions"}],"predecessor-version":[{"id":15850,"href":"https:\/\/rubenpirola.com\/nuevo\/wp-json\/wp\/v2\/posts\/15848\/revisions\/15850"}],"wp:featuredmedia":[{"embeddable":true,"href":"https:\/\/rubenpirola.com\/nuevo\/wp-json\/wp\/v2\/media\/15849"}],"wp:attachment":[{"href":"https:\/\/rubenpirola.com\/nuevo\/wp-json\/wp\/v2\/media?parent=15848"}],"wp:term":[{"taxonomy":"category","embeddable":true,"href":"https:\/\/rubenpirola.com\/nuevo\/wp-json\/wp\/v2\/categories?post=15848"},{"taxonomy":"post_tag","embeddable":true,"href":"https:\/\/rubenpirola.com\/nuevo\/wp-json\/wp\/v2\/tags?post=15848"}],"curies":[{"name":"wp","href":"https:\/\/api.w.org\/{rel}","templated":true}]}}