{"id":15865,"date":"2025-10-17T14:52:57","date_gmt":"2025-10-17T17:52:57","guid":{"rendered":"https:\/\/rubenpirola.com\/nuevo\/?p=15865"},"modified":"2025-10-17T14:52:57","modified_gmt":"2025-10-17T17:52:57","slug":"indicacion-geografica-una-ley-para-que-el-valor-de-origen-tenga-nombre-propio","status":"publish","type":"post","link":"https:\/\/rubenpirola.com\/nuevo\/indicacion-geografica-una-ley-para-que-el-valor-de-origen-tenga-nombre-propio\/","title":{"rendered":"Indicaci\u00f3n geogr\u00e1fica: una ley para que el valor de origen tenga nombre propio"},"content":{"rendered":"<p data-start=\"427\" data-end=\"776\">El Senado de la provincia dio media sanci\u00f3n a un proyecto que present\u00e9 con el prop\u00f3sito de reconocer y promover el valor de origen de la producci\u00f3n santafesina. Se trata de la <strong data-start=\"603\" data-end=\"678\">Ley de Utilizaci\u00f3n de la Indicaci\u00f3n Geogr\u00e1fica o Denominaci\u00f3n de Origen<\/strong>, que busca jerarquizar los productos agr\u00edcolas y alimentarios elaborados en nuestro territorio.<\/p>\n<p data-start=\"778\" data-end=\"1130\">La iniciativa parte de una idea sencilla y profunda: cada producto que nace en Santa Fe lleva consigo historia, conocimiento y esfuerzo. Darle un reconocimiento legal a ese origen es una forma de protegerlo, de ampliar oportunidades comerciales y de fortalecer a quienes trabajan la tierra, transforman alimentos y sostienen las econom\u00edas regionales.<\/p>\n<p data-start=\"1132\" data-end=\"1403\">La ley propone declarar de inter\u00e9s provincial y promover el uso de las <strong data-start=\"1203\" data-end=\"1258\">Indicaciones Geogr\u00e1ficas y Denominaciones de Origen<\/strong>, conforme a la Ley Nacional N.\u00ba 25.380, para productos agr\u00edcolas y alimentarios santafesinos \u2014en estado natural, acondicionados o procesados\u2014.<\/p>\n<p data-start=\"1405\" data-end=\"1680\">Con esta herramienta, la provincia podr\u00e1 acompa\u00f1ar a los productores y emprendedores locales en los procesos de certificaci\u00f3n y promoci\u00f3n de sus productos, generando nuevas ventajas competitivas y posicionando el nombre de Santa Fe en los mercados nacional e internacional.<\/p>\n<p data-start=\"1682\" data-end=\"1914\">Creo firmemente que la calidad de lo nuestro merece ser reconocida y cuidada. Por eso, este paso legislativo representa una oportunidad concreta para que el trabajo de nuestras comunidades productivas tenga identidad y proyecci\u00f3n.<\/p>\n<p data-start=\"1916\" data-end=\"1975\">\ud83d\udc49 Descarg\u00e1 el texto completo del proyecto de ley <a href=\"https:\/\/rubenpirola.com\/nuevo\/wp-content\/uploads\/2025\/10\/PROYECTO-DE-LEY-UTILIZACION-DE-INDICACION-GEOGRAFICA-DE-ORIGEN.pdf\">PROYECTO DE LEY &#8211; UTILIZACION DE INDICACION GEOGRAFICA DE ORIGEN<\/a>[].<\/p>\n","protected":false},"excerpt":{"rendered":"<p>El Senado de la provincia dio media sanci\u00f3n a un proyecto que present\u00e9 con el prop\u00f3sito de reconocer y promover&nbsp;<\/p>\n","protected":false},"author":1,"featured_media":15868,"comment_status":"open","ping_status":"open","sticky":false,"template":"","format":"standard","meta":{"_acf_changed":false,"_joinchat":[],"footnotes":""},"categories":[2],"tags":[],"class_list":["post-15865","post","type-post","status-publish","format-standard","has-post-thumbnail","hentry","category-novedades"],"acf":[],"_links":{"self":[{"href":"https:\/\/rubenpirola.com\/nuevo\/wp-json\/wp\/v2\/posts\/15865","targetHints":{"allow":["GET"]}}],"collection":[{"href":"https:\/\/rubenpirola.com\/nuevo\/wp-json\/wp\/v2\/posts"}],"about":[{"href":"https:\/\/rubenpirola.com\/nuevo\/wp-json\/wp\/v2\/types\/post"}],"author":[{"embeddable":true,"href":"https:\/\/rubenpirola.com\/nuevo\/wp-json\/wp\/v2\/users\/1"}],"replies":[{"embeddable":true,"href":"https:\/\/rubenpirola.com\/nuevo\/wp-json\/wp\/v2\/comments?post=15865"}],"version-history":[{"count":1,"href":"https:\/\/rubenpirola.com\/nuevo\/wp-json\/wp\/v2\/posts\/15865\/revisions"}],"predecessor-version":[{"id":15869,"href":"https:\/\/rubenpirola.com\/nuevo\/wp-json\/wp\/v2\/posts\/15865\/revisions\/15869"}],"wp:featuredmedia":[{"embeddable":true,"href":"https:\/\/rubenpirola.com\/nuevo\/wp-json\/wp\/v2\/media\/15868"}],"wp:attachment":[{"href":"https:\/\/rubenpirola.com\/nuevo\/wp-json\/wp\/v2\/media?parent=15865"}],"wp:term":[{"taxonomy":"category","embeddable":true,"href":"https:\/\/rubenpirola.com\/nuevo\/wp-json\/wp\/v2\/categories?post=15865"},{"taxonomy":"post_tag","embeddable":true,"href":"https:\/\/rubenpirola.com\/nuevo\/wp-json\/wp\/v2\/tags?post=15865"}],"curies":[{"name":"wp","href":"https:\/\/api.w.org\/{rel}","templated":true}]}}