{"id":15997,"date":"2026-03-14T10:13:09","date_gmt":"2026-03-14T13:13:09","guid":{"rendered":"https:\/\/rubenpirola.com\/nuevo\/?p=15997"},"modified":"2026-03-14T10:13:23","modified_gmt":"2026-03-14T13:13:23","slug":"ley-organica-de-municipios-dialogo-con-intendentes-presidentes-comunales-y-aportes-al-texto-aprobado","status":"publish","type":"post","link":"https:\/\/rubenpirola.com\/nuevo\/ley-organica-de-municipios-dialogo-con-intendentes-presidentes-comunales-y-aportes-al-texto-aprobado\/","title":{"rendered":"Ley Org\u00e1nica de Municipios: di\u00e1logo con intendentes, presidentes comunales  y aportes al texto aprobado"},"content":{"rendered":"<div class=\"flex flex-col text-sm pb-25\">\n<article class=\"text-token-text-primary w-full focus:outline-none [--shadow-height:45px] has-data-writing-block:pointer-events-none has-data-writing-block:-mt-(--shadow-height) has-data-writing-block:pt-(--shadow-height) [&amp;:has([data-writing-block])&gt;*]:pointer-events-auto scroll-mt-[calc(var(--header-height)+min(200px,max(70px,20svh)))]\" dir=\"auto\" tabindex=\"-1\" data-turn-id=\"request-69b3db54-d584-832f-a3af-eb54ea533d84-1\" data-testid=\"conversation-turn-36\" data-scroll-anchor=\"true\" data-turn=\"assistant\">\n<div class=\"text-base my-auto mx-auto pb-10 [--thread-content-margin:var(--thread-content-margin-xs,calc(var(--spacing)*4))] @w-sm\/main:[--thread-content-margin:var(--thread-content-margin-sm,calc(var(--spacing)*6))] @w-lg\/main:[--thread-content-margin:var(--thread-content-margin-lg,calc(var(--spacing)*16))] px-(--thread-content-margin)\">\n<div class=\"[--thread-content-max-width:40rem] @w-lg\/main:[--thread-content-max-width:48rem] mx-auto max-w-(--thread-content-max-width) flex-1 group\/turn-messages focus-visible:outline-hidden relative flex w-full min-w-0 flex-col agent-turn\" tabindex=\"-1\">\n<div class=\"flex max-w-full flex-col gap-4 grow\">\n<div class=\"min-h-8 text-message relative flex w-full flex-col items-end gap-2 text-start break-words whitespace-normal [.text-message+&amp;]:mt-1\" dir=\"auto\" data-message-author-role=\"assistant\" data-message-id=\"298f3054-6055-4425-8310-58582396ac7c\" data-message-model-slug=\"gpt-5-3\">\n<div class=\"flex w-full flex-col gap-1 empty:hidden\">\n<div class=\"markdown prose dark:prose-invert w-full wrap-break-word light markdown-new-styling\">\n<p data-start=\"86\" data-end=\"501\">La media sanci\u00f3n en el Senado de la nueva Ley Org\u00e1nica de Municipios abre una etapa importante para poner en funcionamiento el r\u00e9gimen de autonom\u00eda municipal previsto por la Constituci\u00f3n de Santa Fe. En ese debate particip\u00e9 con una convicci\u00f3n clara: que la ley deb\u00eda preservar las distintas dimensiones de esa autonom\u00eda y establecer principios que permitan a cada municipio ejercer plenamente sus responsabilidades.<\/p>\n<p data-start=\"503\" data-end=\"915\">La mirada que llev\u00e9 al tratamiento del proyecto parti\u00f3 de una idea sencilla pero central. Una ley org\u00e1nica debe fijar reglas generales que den marco al r\u00e9gimen aut\u00f3nomo, sin restringir la capacidad de cada ciudad para legislar, administrar y conducir la gesti\u00f3n de sus propios intereses. La autonom\u00eda municipal necesita bases claras, pero tambi\u00e9n respeto por la diversidad y la din\u00e1mica propia de cada comunidad.<\/p>\n<p data-start=\"917\" data-end=\"1425\">Durante el debate se registraron coincidencias relevantes entre el texto que obtuvo media sanci\u00f3n y los criterios que impulsamos desde el bloque justicialista. Entre ellos, disposiciones vinculadas a la transferencia de competencias y servicios provinciales, el ejercicio del poder de polic\u00eda municipal, la prestaci\u00f3n de servicios p\u00fablicos, la planificaci\u00f3n territorial, la protecci\u00f3n del patrimonio cultural, el desarrollo productivo local y las pol\u00edticas relacionadas con seguridad y convivencia ciudadana.<\/p>\n<p data-start=\"1427\" data-end=\"1643\">Estas coincidencias reflejan un proceso legislativo que permiti\u00f3 integrar distintas miradas y avanzar hacia un marco institucional que d\u00e9 sustento a la puesta en marcha de la autonom\u00eda municipal en nuestra provincia.<\/p>\n<p data-start=\"1645\" data-end=\"2010\">Al mismo tiempo, cada posici\u00f3n que llev\u00e9 al recinto se nutri\u00f3 del di\u00e1logo con quienes conviven todos los d\u00edas con la realidad de los gobiernos locales. Intendentes, presidentes comunales, equipos t\u00e9cnicos, instituciones y referentes del territorio aportaron miradas valiosas para entender con mayor precisi\u00f3n qu\u00e9 herramientas necesitan hoy los municipios y comunas.<\/p>\n<p data-start=\"2012\" data-end=\"2471\">Ese intercambio tambi\u00e9n permiti\u00f3 identificar aspectos del proyecto que merecen una revisi\u00f3n m\u00e1s profunda. Durante el tratamiento del texto se\u00f1al\u00e9 algunas observaciones vinculadas al dise\u00f1o institucional propuesto en la norma, particularmente en la organizaci\u00f3n del r\u00e9gimen municipal seg\u00fan cantidad de habitantes y en la diferenciaci\u00f3n entre comisiones municipales y concejos municipales, una estructura que no surge de manera directa del texto constitucional.<\/p>\n<p data-start=\"2473\" data-end=\"2684\">Tambi\u00e9n considero que cuestiones vinculadas a los sistemas de control institucional, la rendici\u00f3n de cuentas y la administraci\u00f3n financiera municipal requieren un desarrollo m\u00e1s detallado dentro del marco legal.<\/p>\n<p data-start=\"2686\" data-end=\"3029\">El proceso legislativo incluy\u00f3 reuniones, consultas e intercambios entre los distintos bloques parlamentarios y con actores del \u00e1mbito municipal. Ese trabajo permiti\u00f3 avanzar en acuerdos importantes y alcanzar la media sanci\u00f3n de una norma que constituye una base institucional relevante para la organizaci\u00f3n del r\u00e9gimen municipal en Santa Fe.<\/p>\n<p data-start=\"3031\" data-end=\"3335\" data-is-last-node=\"\" data-is-only-node=\"\">Estoy convencido de que las leyes que organizan la vida institucional de nuestras comunidades adquieren mayor solidez cuando nacen del di\u00e1logo con quienes las van a aplicar en el territorio. Ese fue el esp\u00edritu con el que particip\u00e9 en este debate y el criterio que seguir\u00e1 guiando mi trabajo legislativo.<\/p>\n<\/div>\n<\/div>\n<\/div>\n<\/div>\n<\/div>\n<\/div>\n<\/article>\n<\/div>\n","protected":false},"excerpt":{"rendered":"<p>La media sanci\u00f3n en el Senado de la nueva Ley Org\u00e1nica de Municipios abre una etapa importante para poner en&nbsp;<\/p>\n","protected":false},"author":1,"featured_media":15998,"comment_status":"open","ping_status":"open","sticky":false,"template":"","format":"standard","meta":{"_acf_changed":false,"_joinchat":[],"footnotes":""},"categories":[2],"tags":[],"class_list":["post-15997","post","type-post","status-publish","format-standard","has-post-thumbnail","hentry","category-novedades"],"acf":[],"_links":{"self":[{"href":"https:\/\/rubenpirola.com\/nuevo\/wp-json\/wp\/v2\/posts\/15997","targetHints":{"allow":["GET"]}}],"collection":[{"href":"https:\/\/rubenpirola.com\/nuevo\/wp-json\/wp\/v2\/posts"}],"about":[{"href":"https:\/\/rubenpirola.com\/nuevo\/wp-json\/wp\/v2\/types\/post"}],"author":[{"embeddable":true,"href":"https:\/\/rubenpirola.com\/nuevo\/wp-json\/wp\/v2\/users\/1"}],"replies":[{"embeddable":true,"href":"https:\/\/rubenpirola.com\/nuevo\/wp-json\/wp\/v2\/comments?post=15997"}],"version-history":[{"count":1,"href":"https:\/\/rubenpirola.com\/nuevo\/wp-json\/wp\/v2\/posts\/15997\/revisions"}],"predecessor-version":[{"id":15999,"href":"https:\/\/rubenpirola.com\/nuevo\/wp-json\/wp\/v2\/posts\/15997\/revisions\/15999"}],"wp:featuredmedia":[{"embeddable":true,"href":"https:\/\/rubenpirola.com\/nuevo\/wp-json\/wp\/v2\/media\/15998"}],"wp:attachment":[{"href":"https:\/\/rubenpirola.com\/nuevo\/wp-json\/wp\/v2\/media?parent=15997"}],"wp:term":[{"taxonomy":"category","embeddable":true,"href":"https:\/\/rubenpirola.com\/nuevo\/wp-json\/wp\/v2\/categories?post=15997"},{"taxonomy":"post_tag","embeddable":true,"href":"https:\/\/rubenpirola.com\/nuevo\/wp-json\/wp\/v2\/tags?post=15997"}],"curies":[{"name":"wp","href":"https:\/\/api.w.org\/{rel}","templated":true}]}}