{"id":16000,"date":"2026-03-14T10:34:38","date_gmt":"2026-03-14T13:34:38","guid":{"rendered":"https:\/\/rubenpirola.com\/nuevo\/?p=16000"},"modified":"2026-03-14T10:34:49","modified_gmt":"2026-03-14T13:34:49","slug":"mas-presencia-preventiva-para-el-centro-de-las-colonias","status":"publish","type":"post","link":"https:\/\/rubenpirola.com\/nuevo\/mas-presencia-preventiva-para-el-centro-de-las-colonias\/","title":{"rendered":"M\u00e1s presencia preventiva para el centro de Las Colonias"},"content":{"rendered":"<p data-start=\"61\" data-end=\"218\">La seguridad se fortalece cuando las decisiones p\u00fablicas organizan mejor los recursos que ya existen en el territorio y los acercan a donde m\u00e1s se necesitan.<\/p>\n<p data-start=\"220\" data-end=\"538\">Por eso, a partir de una inquietud planteada por Paola Devesa, intendenta de San Jer\u00f3nimo Norte, present\u00e9 un proyecto para impulsar la creaci\u00f3n de una sede del Comando Radioel\u00e9ctrico en San Jer\u00f3nimo Norte, con cobertura operativa sobre Franck, Las Tunas, Santa Mar\u00eda Norte, San Jer\u00f3nimo del Sauce y Sa Pereira.<\/p>\n<p data-start=\"540\" data-end=\"903\">La propuesta busca ampliar la presencia policial preventiva en el centro del departamento Las Colonias mediante una estructura dedicada espec\u00edficamente al patrullaje activo. La experiencia muestra que cuando la prevenci\u00f3n se organiza con criterio territorial, se mejora la capacidad de respuesta y se refuerza la tranquilidad cotidiana de vecinos e instituciones.<\/p>\n<p data-start=\"905\" data-end=\"1143\">Creo en una forma de trabajar que escucha lo que surge en cada comunidad y lo transforma en iniciativas concretas. Las pol\u00edticas p\u00fablicas funcionan mejor cuando nacen del di\u00e1logo con quienes viven y gestionan el territorio todos los d\u00edas.<\/p>\n<p data-section-id=\"nt0heo\" data-start=\"1145\" data-end=\"1173\"><strong>Transparencia permanente<\/strong><br \/>\nComo parte de un compromiso sostenido con la transparencia legislativa, el texto completo de este proyecto est\u00e1 disponible para su consulta p\u00fablica.<\/p>\n<p data-start=\"1325\" data-end=\"1400\"><strong data-start=\"1328\" data-end=\"1400\">Pod\u00e9s descargar el proyecto de ley completo \ud83d\udc49 <a href=\"https:\/\/rubenpirola.com\/nuevo\/wp-content\/uploads\/2026\/03\/Expte-52885-JC-comando.pdf\">Expte 52885 JC comando<\/a><\/strong><\/p>\n<p data-start=\"1402\" data-end=\"1548\" data-is-last-node=\"\" data-is-only-node=\"\">\n","protected":false},"excerpt":{"rendered":"<p>La seguridad se fortalece cuando las decisiones p\u00fablicas organizan mejor los recursos que ya existen en el territorio y los&nbsp;<\/p>\n","protected":false},"author":1,"featured_media":16002,"comment_status":"open","ping_status":"open","sticky":false,"template":"","format":"standard","meta":{"_acf_changed":false,"_joinchat":[],"footnotes":""},"categories":[2],"tags":[],"class_list":["post-16000","post","type-post","status-publish","format-standard","has-post-thumbnail","hentry","category-novedades"],"acf":[],"_links":{"self":[{"href":"https:\/\/rubenpirola.com\/nuevo\/wp-json\/wp\/v2\/posts\/16000","targetHints":{"allow":["GET"]}}],"collection":[{"href":"https:\/\/rubenpirola.com\/nuevo\/wp-json\/wp\/v2\/posts"}],"about":[{"href":"https:\/\/rubenpirola.com\/nuevo\/wp-json\/wp\/v2\/types\/post"}],"author":[{"embeddable":true,"href":"https:\/\/rubenpirola.com\/nuevo\/wp-json\/wp\/v2\/users\/1"}],"replies":[{"embeddable":true,"href":"https:\/\/rubenpirola.com\/nuevo\/wp-json\/wp\/v2\/comments?post=16000"}],"version-history":[{"count":1,"href":"https:\/\/rubenpirola.com\/nuevo\/wp-json\/wp\/v2\/posts\/16000\/revisions"}],"predecessor-version":[{"id":16003,"href":"https:\/\/rubenpirola.com\/nuevo\/wp-json\/wp\/v2\/posts\/16000\/revisions\/16003"}],"wp:featuredmedia":[{"embeddable":true,"href":"https:\/\/rubenpirola.com\/nuevo\/wp-json\/wp\/v2\/media\/16002"}],"wp:attachment":[{"href":"https:\/\/rubenpirola.com\/nuevo\/wp-json\/wp\/v2\/media?parent=16000"}],"wp:term":[{"taxonomy":"category","embeddable":true,"href":"https:\/\/rubenpirola.com\/nuevo\/wp-json\/wp\/v2\/categories?post=16000"},{"taxonomy":"post_tag","embeddable":true,"href":"https:\/\/rubenpirola.com\/nuevo\/wp-json\/wp\/v2\/tags?post=16000"}],"curies":[{"name":"wp","href":"https:\/\/api.w.org\/{rel}","templated":true}]}}