{"id":9219,"date":"2019-10-05T23:58:35","date_gmt":"2019-10-06T02:58:35","guid":{"rendered":"https:\/\/www.rubenpirola.com\/?p=9219"},"modified":"2019-10-05T23:58:35","modified_gmt":"2019-10-06T02:58:35","slug":"nuestro-programa-%c2%a8deporte-y-recreacion-comienza-una-nuevo-natatorio-en-sa-pereira","status":"publish","type":"post","link":"https:\/\/rubenpirola.com\/nuevo\/nuestro-programa-%c2%a8deporte-y-recreacion-comienza-una-nuevo-natatorio-en-sa-pereira\/","title":{"rendered":"Nuestro programa \u00a8Deporte y Recreaci\u00f3n\u201d comienza un nuevo natatorio en Sa Pereira"},"content":{"rendered":"<p>El programa que surge como respuesta natural a una necesidad de varias comunidades de Las Colonias como lo es, contar con una piscina comunal que permite la pr\u00e1ctica del Deporte y el ejercicio del derecho a la Recreaci\u00f3n activa a un amplio sector de la poblaci\u00f3n de estas localidades comienza una nueva obra.<\/p>\n<p>En eta oportunidad las tareas comienzan en Sa Pereira en el Club atl\u00e9tico Belgrano para la concreci\u00f3n de un nuevo natatorio, que ser\u00e1 habilitado para el uso de la comunidad en general.<\/p>\n<p><em>\u201cDependiendo del clima, con nuestro equipo t\u00e9cnico estimamos que en dos meses la obra estar\u00e1 concluida aportando as\u00ed a la pr\u00e1ctica del Deporte y a la Recreaci\u00f3n de nuestros vecinos de Sa Pereira, que tendr\u00e1n mejores posibilidades en la vinculaci\u00f3n a la actividad f\u00edsica y el derecho a la recreaci\u00f3n, sin duda esta nueva obra tan esperada es fruto del trabajo encarado desde la experiencia, juntos y en positivo que deja claro que trabajando as\u00ed siempre podemos m\u00e1s. Ademas debo <\/em>destacar la colaboraci\u00f3n de la administraci\u00f3n comunal de Sa Pereira en este nueva iniciativa\u00bb<\/p>\n<p><strong>Un equipo en contacto v\u00eda WhatsApp:<\/strong><strong><br \/>\n<\/strong>Quienes quieran m\u00e1s informaci\u00f3n de las actividades o mantener un contacto directo y fluido pueden enviar su nombre y apellido al +54 9 342 5390021 o realizar id\u00e9ntica comunicaci\u00f3n siguiendo este link\u00a0<\/p>\n\n","protected":false},"excerpt":{"rendered":"<p>El programa que surge como respuesta natural a una necesidad de varias comunidades de Las Colonias como lo es, contar&nbsp;<\/p>\n","protected":false},"author":1,"featured_media":9225,"comment_status":"closed","ping_status":"closed","sticky":false,"template":"","format":"standard","meta":{"_acf_changed":false,"_joinchat":[],"footnotes":""},"categories":[2],"tags":[],"class_list":["post-9219","post","type-post","status-publish","format-standard","has-post-thumbnail","hentry","category-novedades"],"acf":[],"_links":{"self":[{"href":"https:\/\/rubenpirola.com\/nuevo\/wp-json\/wp\/v2\/posts\/9219","targetHints":{"allow":["GET"]}}],"collection":[{"href":"https:\/\/rubenpirola.com\/nuevo\/wp-json\/wp\/v2\/posts"}],"about":[{"href":"https:\/\/rubenpirola.com\/nuevo\/wp-json\/wp\/v2\/types\/post"}],"author":[{"embeddable":true,"href":"https:\/\/rubenpirola.com\/nuevo\/wp-json\/wp\/v2\/users\/1"}],"replies":[{"embeddable":true,"href":"https:\/\/rubenpirola.com\/nuevo\/wp-json\/wp\/v2\/comments?post=9219"}],"version-history":[{"count":0,"href":"https:\/\/rubenpirola.com\/nuevo\/wp-json\/wp\/v2\/posts\/9219\/revisions"}],"wp:featuredmedia":[{"embeddable":true,"href":"https:\/\/rubenpirola.com\/nuevo\/wp-json\/"}],"wp:attachment":[{"href":"https:\/\/rubenpirola.com\/nuevo\/wp-json\/wp\/v2\/media?parent=9219"}],"wp:term":[{"taxonomy":"category","embeddable":true,"href":"https:\/\/rubenpirola.com\/nuevo\/wp-json\/wp\/v2\/categories?post=9219"},{"taxonomy":"post_tag","embeddable":true,"href":"https:\/\/rubenpirola.com\/nuevo\/wp-json\/wp\/v2\/tags?post=9219"}],"curies":[{"name":"wp","href":"https:\/\/api.w.org\/{rel}","templated":true}]}}